{"id":2537,"date":"2019-10-01T11:15:54","date_gmt":"2019-10-01T09:15:54","guid":{"rendered":"http:\/\/agora.xtec.cat\/iesdecelra\/?p=2537"},"modified":"2020-11-24T14:21:26","modified_gmt":"2020-11-24T13:21:26","slug":"cerimonia-de-cambridge","status":"publish","type":"post","link":"https:\/\/agora.xtec.cat\/iesdecelra\/cursos\/eso\/cerimonia-de-cambridge\/","title":{"rendered":"CAMBRIDGE CEREMONY"},"content":{"rendered":"<p>El dilluns 30 de setembre va tenir lloc la cerim\u00f2nia d\u2019entrega dels certificats de Cambridge obtinguts el curs passat.<\/p>\n<p>El candidats que van superar el FCE i CAE a la convocat\u00f2ria de maig i els que es van examinar del KET, PET i FCE a la convocat\u00f2ria de juny van recollir el seu t\u00edtol acompanyats per Thomas Wogan, assessor d\u2019ex\u00e0mens Cambridge a Catalunya, Andorra, Balears i Castell\u00f3, juntament amb Mary Jane Pratt del Centre d\u2019Ex\u00e0mens Girona. Des del Departament de Lleng\u00fces Estrangeres agra\u00efm la seva pres\u00e8ncia a l\u2019acte i donem l\u2019enhorabona als candidats.<a href=\"https:\/\/agora.xtec.cat\/iesdecelra\/wp-content\/uploads\/usu1789\/2019\/10\/PHOTO-2019-09-30-14-44-48.jpg\"><img loading=\"lazy\" decoding=\"async\" class=\"alignnone size-large wp-image-2541\" src=\"https:\/\/agora.xtec.cat\/iesdecelra\/wp-content\/uploads\/usu1789\/2019\/10\/PHOTO-2019-09-30-14-44-48-1024x768.jpg\" alt=\"\" width=\"1024\" height=\"768\" \/><\/a> <a href=\"https:\/\/agora.xtec.cat\/iesdecelra\/wp-content\/uploads\/usu1789\/2019\/10\/PHOTO-2019-09-30-14-44-49.jpg\"><img loading=\"lazy\" decoding=\"async\" class=\"alignnone size-large wp-image-2542\" src=\"https:\/\/agora.xtec.cat\/iesdecelra\/wp-content\/uploads\/usu1789\/2019\/10\/PHOTO-2019-09-30-14-44-49-768x1024.jpg\" alt=\"\" width=\"500\" height=\"667\" srcset=\"https:\/\/agora.xtec.cat\/iesdecelra\/wp-content\/uploads\/usu1789\/2019\/10\/PHOTO-2019-09-30-14-44-49-768x1024.jpg 768w, https:\/\/agora.xtec.cat\/iesdecelra\/wp-content\/uploads\/usu1789\/2019\/10\/PHOTO-2019-09-30-14-44-49-225x300.jpg 225w, https:\/\/agora.xtec.cat\/iesdecelra\/wp-content\/uploads\/usu1789\/2019\/10\/PHOTO-2019-09-30-14-44-49.jpg 1200w\" sizes=\"auto, (max-width: 500px) 100vw, 500px\" \/><\/a> <a href=\"https:\/\/agora.xtec.cat\/iesdecelra\/wp-content\/uploads\/usu1789\/2019\/10\/PHOTO-2019-09-30-14-44-50.jpg\"><img loading=\"lazy\" decoding=\"async\" class=\"alignnone size-large wp-image-2543\" src=\"https:\/\/agora.xtec.cat\/iesdecelra\/wp-content\/uploads\/usu1789\/2019\/10\/PHOTO-2019-09-30-14-44-50-768x1024.jpg\" alt=\"\" width=\"500\" height=\"667\" srcset=\"https:\/\/agora.xtec.cat\/iesdecelra\/wp-content\/uploads\/usu1789\/2019\/10\/PHOTO-2019-09-30-14-44-50-768x1024.jpg 768w, https:\/\/agora.xtec.cat\/iesdecelra\/wp-content\/uploads\/usu1789\/2019\/10\/PHOTO-2019-09-30-14-44-50-225x300.jpg 225w, https:\/\/agora.xtec.cat\/iesdecelra\/wp-content\/uploads\/usu1789\/2019\/10\/PHOTO-2019-09-30-14-44-50.jpg 1200w\" sizes=\"auto, (max-width: 500px) 100vw, 500px\" \/><\/a> <a href=\"https:\/\/agora.xtec.cat\/iesdecelra\/wp-content\/uploads\/usu1789\/2019\/10\/PHOTO-2019-09-30-14-44-50_1.jpg\"><img loading=\"lazy\" decoding=\"async\" class=\"alignnone size-large wp-image-2544\" src=\"https:\/\/agora.xtec.cat\/iesdecelra\/wp-content\/uploads\/usu1789\/2019\/10\/PHOTO-2019-09-30-14-44-50_1-768x1024.jpg\" alt=\"\" width=\"500\" height=\"667\" srcset=\"https:\/\/agora.xtec.cat\/iesdecelra\/wp-content\/uploads\/usu1789\/2019\/10\/PHOTO-2019-09-30-14-44-50_1-768x1024.jpg 768w, https:\/\/agora.xtec.cat\/iesdecelra\/wp-content\/uploads\/usu1789\/2019\/10\/PHOTO-2019-09-30-14-44-50_1-225x300.jpg 225w, https:\/\/agora.xtec.cat\/iesdecelra\/wp-content\/uploads\/usu1789\/2019\/10\/PHOTO-2019-09-30-14-44-50_1.jpg 1200w\" sizes=\"auto, (max-width: 500px) 100vw, 500px\" \/><\/a> <a href=\"https:\/\/agora.xtec.cat\/iesdecelra\/wp-content\/uploads\/usu1789\/2019\/10\/PHOTO-2019-09-30-14-44-51.jpg\"><img loading=\"lazy\" decoding=\"async\" class=\"alignnone size-large wp-image-2545\" src=\"https:\/\/agora.xtec.cat\/iesdecelra\/wp-content\/uploads\/usu1789\/2019\/10\/PHOTO-2019-09-30-14-44-51-768x1024.jpg\" alt=\"\" width=\"500\" height=\"667\" srcset=\"https:\/\/agora.xtec.cat\/iesdecelra\/wp-content\/uploads\/usu1789\/2019\/10\/PHOTO-2019-09-30-14-44-51-768x1024.jpg 768w, https:\/\/agora.xtec.cat\/iesdecelra\/wp-content\/uploads\/usu1789\/2019\/10\/PHOTO-2019-09-30-14-44-51-225x300.jpg 225w, https:\/\/agora.xtec.cat\/iesdecelra\/wp-content\/uploads\/usu1789\/2019\/10\/PHOTO-2019-09-30-14-44-51.jpg 1200w\" sizes=\"auto, (max-width: 500px) 100vw, 500px\" \/><\/a> <a href=\"https:\/\/agora.xtec.cat\/iesdecelra\/wp-content\/uploads\/usu1789\/2019\/10\/PHOTO-2019-09-30-14-44-51_1.jpg\"><img loading=\"lazy\" decoding=\"async\" class=\"alignnone size-large wp-image-2546\" src=\"https:\/\/agora.xtec.cat\/iesdecelra\/wp-content\/uploads\/usu1789\/2019\/10\/PHOTO-2019-09-30-14-44-51_1-768x1024.jpg\" alt=\"\" width=\"500\" height=\"667\" srcset=\"https:\/\/agora.xtec.cat\/iesdecelra\/wp-content\/uploads\/usu1789\/2019\/10\/PHOTO-2019-09-30-14-44-51_1-768x1024.jpg 768w, https:\/\/agora.xtec.cat\/iesdecelra\/wp-content\/uploads\/usu1789\/2019\/10\/PHOTO-2019-09-30-14-44-51_1-225x300.jpg 225w, https:\/\/agora.xtec.cat\/iesdecelra\/wp-content\/uploads\/usu1789\/2019\/10\/PHOTO-2019-09-30-14-44-51_1.jpg 1200w\" sizes=\"auto, (max-width: 500px) 100vw, 500px\" \/><\/a> <a href=\"https:\/\/agora.xtec.cat\/iesdecelra\/wp-content\/uploads\/usu1789\/2019\/10\/PHOTO-2019-09-30-14-44-52.jpg\"><img loading=\"lazy\" decoding=\"async\" class=\"alignnone size-large wp-image-2547\" src=\"https:\/\/agora.xtec.cat\/iesdecelra\/wp-content\/uploads\/usu1789\/2019\/10\/PHOTO-2019-09-30-14-44-52-768x1024.jpg\" alt=\"\" width=\"500\" height=\"667\" srcset=\"https:\/\/agora.xtec.cat\/iesdecelra\/wp-content\/uploads\/usu1789\/2019\/10\/PHOTO-2019-09-30-14-44-52-768x1024.jpg 768w, https:\/\/agora.xtec.cat\/iesdecelra\/wp-content\/uploads\/usu1789\/2019\/10\/PHOTO-2019-09-30-14-44-52-225x300.jpg 225w, https:\/\/agora.xtec.cat\/iesdecelra\/wp-content\/uploads\/usu1789\/2019\/10\/PHOTO-2019-09-30-14-44-52.jpg 1200w\" sizes=\"auto, (max-width: 500px) 100vw, 500px\" \/><\/a> <a href=\"https:\/\/agora.xtec.cat\/iesdecelra\/wp-content\/uploads\/usu1789\/2019\/10\/PHOTO-2019-09-30-14-44-52_1.jpg\"><img loading=\"lazy\" decoding=\"async\" class=\"alignnone size-large wp-image-2548\" src=\"https:\/\/agora.xtec.cat\/iesdecelra\/wp-content\/uploads\/usu1789\/2019\/10\/PHOTO-2019-09-30-14-44-52_1-768x1024.jpg\" alt=\"\" width=\"500\" height=\"667\" srcset=\"https:\/\/agora.xtec.cat\/iesdecelra\/wp-content\/uploads\/usu1789\/2019\/10\/PHOTO-2019-09-30-14-44-52_1-768x1024.jpg 768w, https:\/\/agora.xtec.cat\/iesdecelra\/wp-content\/uploads\/usu1789\/2019\/10\/PHOTO-2019-09-30-14-44-52_1-225x300.jpg 225w, https:\/\/agora.xtec.cat\/iesdecelra\/wp-content\/uploads\/usu1789\/2019\/10\/PHOTO-2019-09-30-14-44-52_1.jpg 1200w\" sizes=\"auto, (max-width: 500px) 100vw, 500px\" \/><\/a> <a href=\"https:\/\/agora.xtec.cat\/iesdecelra\/wp-content\/uploads\/usu1789\/2019\/10\/PHOTO-2019-09-30-14-44-53.jpg\"><img loading=\"lazy\" decoding=\"async\" class=\"alignnone size-large wp-image-2549\" src=\"https:\/\/agora.xtec.cat\/iesdecelra\/wp-content\/uploads\/usu1789\/2019\/10\/PHOTO-2019-09-30-14-44-53-768x1024.jpg\" alt=\"\" width=\"500\" height=\"667\" srcset=\"https:\/\/agora.xtec.cat\/iesdecelra\/wp-content\/uploads\/usu1789\/2019\/10\/PHOTO-2019-09-30-14-44-53-768x1024.jpg 768w, https:\/\/agora.xtec.cat\/iesdecelra\/wp-content\/uploads\/usu1789\/2019\/10\/PHOTO-2019-09-30-14-44-53-225x300.jpg 225w, https:\/\/agora.xtec.cat\/iesdecelra\/wp-content\/uploads\/usu1789\/2019\/10\/PHOTO-2019-09-30-14-44-53.jpg 1200w\" sizes=\"auto, (max-width: 500px) 100vw, 500px\" \/><\/a> <a href=\"https:\/\/agora.xtec.cat\/iesdecelra\/wp-content\/uploads\/usu1789\/2019\/10\/PHOTO-2019-09-30-14-44-54.jpg\"><img loading=\"lazy\" decoding=\"async\" class=\"alignnone size-large wp-image-2550\" src=\"https:\/\/agora.xtec.cat\/iesdecelra\/wp-content\/uploads\/usu1789\/2019\/10\/PHOTO-2019-09-30-14-44-54-768x1024.jpg\" alt=\"\" width=\"500\" height=\"667\" srcset=\"https:\/\/agora.xtec.cat\/iesdecelra\/wp-content\/uploads\/usu1789\/2019\/10\/PHOTO-2019-09-30-14-44-54-768x1024.jpg 768w, https:\/\/agora.xtec.cat\/iesdecelra\/wp-content\/uploads\/usu1789\/2019\/10\/PHOTO-2019-09-30-14-44-54-225x300.jpg 225w, https:\/\/agora.xtec.cat\/iesdecelra\/wp-content\/uploads\/usu1789\/2019\/10\/PHOTO-2019-09-30-14-44-54.jpg 1200w\" sizes=\"auto, (max-width: 500px) 100vw, 500px\" \/><\/a> <a href=\"https:\/\/agora.xtec.cat\/iesdecelra\/wp-content\/uploads\/usu1789\/2019\/10\/PHOTO-2019-09-30-14-44-54_1.jpg\"><img loading=\"lazy\" decoding=\"async\" class=\"alignnone size-large wp-image-2551\" src=\"https:\/\/agora.xtec.cat\/iesdecelra\/wp-content\/uploads\/usu1789\/2019\/10\/PHOTO-2019-09-30-14-44-54_1-768x1024.jpg\" alt=\"\" width=\"500\" height=\"667\" srcset=\"https:\/\/agora.xtec.cat\/iesdecelra\/wp-content\/uploads\/usu1789\/2019\/10\/PHOTO-2019-09-30-14-44-54_1-768x1024.jpg 768w, https:\/\/agora.xtec.cat\/iesdecelra\/wp-content\/uploads\/usu1789\/2019\/10\/PHOTO-2019-09-30-14-44-54_1-225x300.jpg 225w, https:\/\/agora.xtec.cat\/iesdecelra\/wp-content\/uploads\/usu1789\/2019\/10\/PHOTO-2019-09-30-14-44-54_1.jpg 1200w\" sizes=\"auto, (max-width: 500px) 100vw, 500px\" \/><\/a> <a href=\"https:\/\/agora.xtec.cat\/iesdecelra\/wp-content\/uploads\/usu1789\/2019\/10\/PHOTO-2019-09-30-14-44-55.jpg\"><img loading=\"lazy\" decoding=\"async\" class=\"alignnone size-large wp-image-2552\" src=\"https:\/\/agora.xtec.cat\/iesdecelra\/wp-content\/uploads\/usu1789\/2019\/10\/PHOTO-2019-09-30-14-44-55-768x1024.jpg\" alt=\"\" width=\"500\" height=\"667\" srcset=\"https:\/\/agora.xtec.cat\/iesdecelra\/wp-content\/uploads\/usu1789\/2019\/10\/PHOTO-2019-09-30-14-44-55-768x1024.jpg 768w, https:\/\/agora.xtec.cat\/iesdecelra\/wp-content\/uploads\/usu1789\/2019\/10\/PHOTO-2019-09-30-14-44-55-225x300.jpg 225w, https:\/\/agora.xtec.cat\/iesdecelra\/wp-content\/uploads\/usu1789\/2019\/10\/PHOTO-2019-09-30-14-44-55.jpg 1200w\" sizes=\"auto, (max-width: 500px) 100vw, 500px\" \/><\/a> <a href=\"https:\/\/agora.xtec.cat\/iesdecelra\/wp-content\/uploads\/usu1789\/2019\/10\/PHOTO-2019-09-30-14-44-55_1.jpg\"><img loading=\"lazy\" decoding=\"async\" class=\"alignnone size-large wp-image-2553\" src=\"https:\/\/agora.xtec.cat\/iesdecelra\/wp-content\/uploads\/usu1789\/2019\/10\/PHOTO-2019-09-30-14-44-55_1-768x1024.jpg\" alt=\"\" width=\"500\" height=\"667\" srcset=\"https:\/\/agora.xtec.cat\/iesdecelra\/wp-content\/uploads\/usu1789\/2019\/10\/PHOTO-2019-09-30-14-44-55_1-768x1024.jpg 768w, https:\/\/agora.xtec.cat\/iesdecelra\/wp-content\/uploads\/usu1789\/2019\/10\/PHOTO-2019-09-30-14-44-55_1-225x300.jpg 225w, https:\/\/agora.xtec.cat\/iesdecelra\/wp-content\/uploads\/usu1789\/2019\/10\/PHOTO-2019-09-30-14-44-55_1.jpg 1200w\" sizes=\"auto, (max-width: 500px) 100vw, 500px\" \/><\/a> <a href=\"https:\/\/agora.xtec.cat\/iesdecelra\/wp-content\/uploads\/usu1789\/2019\/10\/PHOTO-2019-09-30-14-44-56.jpg\"><img loading=\"lazy\" decoding=\"async\" class=\"alignnone size-large wp-image-2554\" src=\"https:\/\/agora.xtec.cat\/iesdecelra\/wp-content\/uploads\/usu1789\/2019\/10\/PHOTO-2019-09-30-14-44-56-768x1024.jpg\" alt=\"\" width=\"500\" height=\"667\" srcset=\"https:\/\/agora.xtec.cat\/iesdecelra\/wp-content\/uploads\/usu1789\/2019\/10\/PHOTO-2019-09-30-14-44-56-768x1024.jpg 768w, https:\/\/agora.xtec.cat\/iesdecelra\/wp-content\/uploads\/usu1789\/2019\/10\/PHOTO-2019-09-30-14-44-56-225x300.jpg 225w, https:\/\/agora.xtec.cat\/iesdecelra\/wp-content\/uploads\/usu1789\/2019\/10\/PHOTO-2019-09-30-14-44-56.jpg 1200w\" sizes=\"auto, (max-width: 500px) 100vw, 500px\" \/><\/a> <a href=\"https:\/\/agora.xtec.cat\/iesdecelra\/wp-content\/uploads\/usu1789\/2019\/10\/PHOTO-2019-09-30-14-44-56_1.jpg\"><img loading=\"lazy\" decoding=\"async\" class=\"alignnone size-large wp-image-2555\" src=\"https:\/\/agora.xtec.cat\/iesdecelra\/wp-content\/uploads\/usu1789\/2019\/10\/PHOTO-2019-09-30-14-44-56_1-768x1024.jpg\" alt=\"\" width=\"500\" height=\"667\" srcset=\"https:\/\/agora.xtec.cat\/iesdecelra\/wp-content\/uploads\/usu1789\/2019\/10\/PHOTO-2019-09-30-14-44-56_1-768x1024.jpg 768w, https:\/\/agora.xtec.cat\/iesdecelra\/wp-content\/uploads\/usu1789\/2019\/10\/PHOTO-2019-09-30-14-44-56_1-225x300.jpg 225w, https:\/\/agora.xtec.cat\/iesdecelra\/wp-content\/uploads\/usu1789\/2019\/10\/PHOTO-2019-09-30-14-44-56_1.jpg 1200w\" sizes=\"auto, (max-width: 500px) 100vw, 500px\" \/><\/a> <a href=\"https:\/\/agora.xtec.cat\/iesdecelra\/wp-content\/uploads\/usu1789\/2019\/10\/PHOTO-2019-09-30-14-44-56_2.jpg\"><img loading=\"lazy\" decoding=\"async\" class=\"alignnone size-large wp-image-2556\" src=\"https:\/\/agora.xtec.cat\/iesdecelra\/wp-content\/uploads\/usu1789\/2019\/10\/PHOTO-2019-09-30-14-44-56_2-768x1024.jpg\" alt=\"\" width=\"500\" height=\"667\" srcset=\"https:\/\/agora.xtec.cat\/iesdecelra\/wp-content\/uploads\/usu1789\/2019\/10\/PHOTO-2019-09-30-14-44-56_2-768x1024.jpg 768w, https:\/\/agora.xtec.cat\/iesdecelra\/wp-content\/uploads\/usu1789\/2019\/10\/PHOTO-2019-09-30-14-44-56_2-225x300.jpg 225w, https:\/\/agora.xtec.cat\/iesdecelra\/wp-content\/uploads\/usu1789\/2019\/10\/PHOTO-2019-09-30-14-44-56_2.jpg 1200w\" sizes=\"auto, (max-width: 500px) 100vw, 500px\" \/><\/a> <a href=\"https:\/\/agora.xtec.cat\/iesdecelra\/wp-content\/uploads\/usu1789\/2019\/10\/PHOTO-2019-09-30-14-44-57.jpg\"><img loading=\"lazy\" decoding=\"async\" class=\"alignnone size-large wp-image-2557\" src=\"https:\/\/agora.xtec.cat\/iesdecelra\/wp-content\/uploads\/usu1789\/2019\/10\/PHOTO-2019-09-30-14-44-57-768x1024.jpg\" alt=\"\" width=\"500\" height=\"667\" srcset=\"https:\/\/agora.xtec.cat\/iesdecelra\/wp-content\/uploads\/usu1789\/2019\/10\/PHOTO-2019-09-30-14-44-57-768x1024.jpg 768w, https:\/\/agora.xtec.cat\/iesdecelra\/wp-content\/uploads\/usu1789\/2019\/10\/PHOTO-2019-09-30-14-44-57-225x300.jpg 225w, https:\/\/agora.xtec.cat\/iesdecelra\/wp-content\/uploads\/usu1789\/2019\/10\/PHOTO-2019-09-30-14-44-57.jpg 1200w\" sizes=\"auto, (max-width: 500px) 100vw, 500px\" \/><\/a> <a href=\"https:\/\/agora.xtec.cat\/iesdecelra\/wp-content\/uploads\/usu1789\/2019\/10\/PHOTO-2019-09-30-14-44-57_1.jpg\"><img loading=\"lazy\" decoding=\"async\" class=\"alignnone size-large wp-image-2558\" src=\"https:\/\/agora.xtec.cat\/iesdecelra\/wp-content\/uploads\/usu1789\/2019\/10\/PHOTO-2019-09-30-14-44-57_1-768x1024.jpg\" alt=\"\" width=\"500\" height=\"667\" srcset=\"https:\/\/agora.xtec.cat\/iesdecelra\/wp-content\/uploads\/usu1789\/2019\/10\/PHOTO-2019-09-30-14-44-57_1-768x1024.jpg 768w, https:\/\/agora.xtec.cat\/iesdecelra\/wp-content\/uploads\/usu1789\/2019\/10\/PHOTO-2019-09-30-14-44-57_1-225x300.jpg 225w, https:\/\/agora.xtec.cat\/iesdecelra\/wp-content\/uploads\/usu1789\/2019\/10\/PHOTO-2019-09-30-14-44-57_1.jpg 1200w\" sizes=\"auto, (max-width: 500px) 100vw, 500px\" \/><\/a> <a href=\"https:\/\/agora.xtec.cat\/iesdecelra\/wp-content\/uploads\/usu1789\/2019\/10\/PHOTO-2019-09-30-14-44-57_2.jpg\"><img loading=\"lazy\" decoding=\"async\" class=\"alignnone size-large wp-image-2559\" src=\"https:\/\/agora.xtec.cat\/iesdecelra\/wp-content\/uploads\/usu1789\/2019\/10\/PHOTO-2019-09-30-14-44-57_2-768x1024.jpg\" alt=\"\" width=\"500\" height=\"667\" srcset=\"https:\/\/agora.xtec.cat\/iesdecelra\/wp-content\/uploads\/usu1789\/2019\/10\/PHOTO-2019-09-30-14-44-57_2-768x1024.jpg 768w, https:\/\/agora.xtec.cat\/iesdecelra\/wp-content\/uploads\/usu1789\/2019\/10\/PHOTO-2019-09-30-14-44-57_2-225x300.jpg 225w, https:\/\/agora.xtec.cat\/iesdecelra\/wp-content\/uploads\/usu1789\/2019\/10\/PHOTO-2019-09-30-14-44-57_2.jpg 1200w\" sizes=\"auto, (max-width: 500px) 100vw, 500px\" \/><\/a><\/p>\n","protected":false},"excerpt":{"rendered":"<p>El dilluns 30 de setembre va tenir lloc la cerim\u00f2nia d\u2019entrega dels certificats de Cambridge obtinguts el curs passat.<br \/>\nEl candidats que van superar el FCE i CAE a la convocat\u00f2ria de maig i els que es van examinar del KET, PET i FCE a la&hellip;  <a href=\"https:\/\/agora.xtec.cat\/iesdecelra\/cursos\/eso\/cerimonia-de-cambridge\/\" title=\"Read CAMBRIDGE CEREMONY\">Llegeix m\u00e9s\u00bb<\/a><\/p>\n","protected":false},"author":16,"featured_media":2541,"comment_status":"open","ping_status":"closed","sticky":false,"template":"","format":"standard","meta":{"_bbp_topic_count":0,"_bbp_reply_count":0,"_bbp_total_topic_count":0,"_bbp_total_reply_count":0,"_bbp_voice_count":0,"_bbp_anonymous_reply_count":0,"_bbp_topic_count_hidden":0,"_bbp_reply_count_hidden":0,"_bbp_forum_subforum_count":0,"footnotes":""},"categories":[103,3],"tags":[42,135,239,160],"class_list":["post-2537","post","type-post","status-publish","format-standard","has-post-thumbnail","hentry","category-actualitat","category-eso","tag-angles","tag-cambridge-exams","tag-curs-2019-2020","tag-departament-llengues-estrangeres"],"post_mailing_queue_ids":[],"_links":{"self":[{"href":"https:\/\/agora.xtec.cat\/iesdecelra\/wp-json\/wp\/v2\/posts\/2537","targetHints":{"allow":["GET"]}}],"collection":[{"href":"https:\/\/agora.xtec.cat\/iesdecelra\/wp-json\/wp\/v2\/posts"}],"about":[{"href":"https:\/\/agora.xtec.cat\/iesdecelra\/wp-json\/wp\/v2\/types\/post"}],"author":[{"embeddable":true,"href":"https:\/\/agora.xtec.cat\/iesdecelra\/wp-json\/wp\/v2\/users\/16"}],"replies":[{"embeddable":true,"href":"https:\/\/agora.xtec.cat\/iesdecelra\/wp-json\/wp\/v2\/comments?post=2537"}],"version-history":[{"count":3,"href":"https:\/\/agora.xtec.cat\/iesdecelra\/wp-json\/wp\/v2\/posts\/2537\/revisions"}],"predecessor-version":[{"id":2562,"href":"https:\/\/agora.xtec.cat\/iesdecelra\/wp-json\/wp\/v2\/posts\/2537\/revisions\/2562"}],"wp:featuredmedia":[{"embeddable":true,"href":"https:\/\/agora.xtec.cat\/iesdecelra\/wp-json\/wp\/v2\/media\/2541"}],"wp:attachment":[{"href":"https:\/\/agora.xtec.cat\/iesdecelra\/wp-json\/wp\/v2\/media?parent=2537"}],"wp:term":[{"taxonomy":"category","embeddable":true,"href":"https:\/\/agora.xtec.cat\/iesdecelra\/wp-json\/wp\/v2\/categories?post=2537"},{"taxonomy":"post_tag","embeddable":true,"href":"https:\/\/agora.xtec.cat\/iesdecelra\/wp-json\/wp\/v2\/tags?post=2537"}],"curies":[{"name":"wp","href":"https:\/\/api.w.org\/{rel}","templated":true}]}}