{"id":2509,"date":"2019-09-29T23:11:33","date_gmt":"2019-09-29T21:11:33","guid":{"rendered":"http:\/\/agora.xtec.cat\/iesdecelra\/?p=2509"},"modified":"2019-09-29T23:12:54","modified_gmt":"2019-09-29T21:12:54","slug":"2n-deso-amb-caiac-pel-riu-ter","status":"publish","type":"post","link":"https:\/\/agora.xtec.cat\/iesdecelra\/cursos\/eso\/eso-2\/2n-deso-amb-caiac-pel-riu-ter\/","title":{"rendered":"2n d&#8217;ESO AMB CAIAC PEL RIU TER"},"content":{"rendered":"<p style=\"text-align: justify;\">La setmana passada tots els grups de 2n d&#8217;ESO van baixar pel riu Ter amb caiac, en un recorregut de Celr\u00e0 a Bordils.<\/p>\n<p style=\"text-align: justify;\">Aquesta activitat, organitzada del departament d&#8217;Educaci\u00f3 F\u00edsica, forma part del treball de s\u00edntesi de primer d&#8217;ESO (<i>Del Ter a les Gavarres<\/i>) per\u00f2 no es pot fer el mes de juny perqu\u00e8 \u00e9s una \u00e8poca en qu\u00e8 les aus nien.<\/p>\n<p style=\"text-align: justify;\">El temps ha acompanyat (potser un dia m\u00e9s que l&#8217;altre) i tots els alumnes han pogut passar un bon dia tot coneixent millor el seu entorn m\u00e9s proper.<\/p>\n<p>&nbsp;<\/p>\n<p style=\"text-align: justify;\">Podeu veure fotografies i alguns v\u00eddeos clicant <a href=\"https:\/\/photos.app.goo.gl\/R5nf9zqrzPBxWhrb8\">AQU\u00cd<\/a>. I tamb\u00e9 hem preparat un v\u00eddeo que resumeix l&#8217;activitat.<\/p>\n<div><\/div>\n<div><\/div>\n<div><\/div>\n<div>\n<p><iframe loading=\"lazy\" title=\"Caiac 2n d&#039;ESO 2019-2020\" width=\"500\" height=\"281\" src=\"https:\/\/www.youtube.com\/embed\/g786131YVzU?feature=oembed\" frameborder=\"0\" allow=\"accelerometer; autoplay; clipboard-write; encrypted-media; gyroscope; picture-in-picture; web-share\" referrerpolicy=\"strict-origin-when-cross-origin\" allowfullscreen><\/iframe><\/p>\n<\/div>\n","protected":false},"excerpt":{"rendered":"<p>La setmana passada tots els grups de 2n d&#8217;ESO van baixar pel riu Ter amb caiac, en un recorregut de Celr\u00e0 a Bordils.<br \/>\nAquesta activitat, organitzada del departament d&#8217;Educaci\u00f3 F\u00edsica, forma part del treball de s\u00edntesi de primer d&#8217;ESO (Del Ter a les Gavarres) per\u00f2 no&hellip;  <a href=\"https:\/\/agora.xtec.cat\/iesdecelra\/cursos\/eso\/eso-2\/2n-deso-amb-caiac-pel-riu-ter\/\" title=\"Read 2n d&#8217;ESO AMB CAIAC PEL RIU TER\">Llegeix m\u00e9s\u00bb<\/a><\/p>\n","protected":false},"author":1,"featured_media":2513,"comment_status":"open","ping_status":"closed","sticky":false,"template":"","format":"standard","meta":{"_bbp_topic_count":0,"_bbp_reply_count":0,"_bbp_total_topic_count":0,"_bbp_total_reply_count":0,"_bbp_voice_count":0,"_bbp_anonymous_reply_count":0,"_bbp_topic_count_hidden":0,"_bbp_reply_count_hidden":0,"_bbp_forum_subforum_count":0,"footnotes":""},"categories":[103,5],"tags":[247,239,134],"class_list":["post-2509","post","type-post","status-publish","format-standard","has-post-thumbnail","hentry","category-actualitat","category-eso-2","tag-caiac","tag-curs-2019-2020","tag-departament-deducacio-fisica"],"post_mailing_queue_ids":[],"_links":{"self":[{"href":"https:\/\/agora.xtec.cat\/iesdecelra\/wp-json\/wp\/v2\/posts\/2509","targetHints":{"allow":["GET"]}}],"collection":[{"href":"https:\/\/agora.xtec.cat\/iesdecelra\/wp-json\/wp\/v2\/posts"}],"about":[{"href":"https:\/\/agora.xtec.cat\/iesdecelra\/wp-json\/wp\/v2\/types\/post"}],"author":[{"embeddable":true,"href":"https:\/\/agora.xtec.cat\/iesdecelra\/wp-json\/wp\/v2\/users\/1"}],"replies":[{"embeddable":true,"href":"https:\/\/agora.xtec.cat\/iesdecelra\/wp-json\/wp\/v2\/comments?post=2509"}],"version-history":[{"count":3,"href":"https:\/\/agora.xtec.cat\/iesdecelra\/wp-json\/wp\/v2\/posts\/2509\/revisions"}],"predecessor-version":[{"id":2516,"href":"https:\/\/agora.xtec.cat\/iesdecelra\/wp-json\/wp\/v2\/posts\/2509\/revisions\/2516"}],"wp:featuredmedia":[{"embeddable":true,"href":"https:\/\/agora.xtec.cat\/iesdecelra\/wp-json\/wp\/v2\/media\/2513"}],"wp:attachment":[{"href":"https:\/\/agora.xtec.cat\/iesdecelra\/wp-json\/wp\/v2\/media?parent=2509"}],"wp:term":[{"taxonomy":"category","embeddable":true,"href":"https:\/\/agora.xtec.cat\/iesdecelra\/wp-json\/wp\/v2\/categories?post=2509"},{"taxonomy":"post_tag","embeddable":true,"href":"https:\/\/agora.xtec.cat\/iesdecelra\/wp-json\/wp\/v2\/tags?post=2509"}],"curies":[{"name":"wp","href":"https:\/\/api.w.org\/{rel}","templated":true}]}}