{"id":2506,"date":"2019-09-27T15:30:13","date_gmt":"2019-09-27T13:30:13","guid":{"rendered":"http:\/\/agora.xtec.cat\/iesdecelra\/?p=2506"},"modified":"2019-09-27T15:30:13","modified_gmt":"2019-09-27T13:30:13","slug":"vaga-mundial-pel-clima","status":"publish","type":"post","link":"https:\/\/agora.xtec.cat\/iesdecelra\/cursos\/eso\/eso-2\/vaga-mundial-pel-clima\/","title":{"rendered":"VAGA MUNDIAL PEL CLIMA"},"content":{"rendered":"<p>Tots hem de posar el nostre granet de sorra davant de l&#8217;emerg\u00e8ncia clim\u00e0tica i aix\u00f2 \u00e9s el que han fet avui a final del mat\u00ed alguns nois i noies de 2n d&#8217;ESO. Els alumnes de 2n Z s\u2019han adherit a la vaga pel canvi clim\u00e0tic i a la hora d\u2019Educaci\u00f3 F\u00edsica han aprofitat per fer un trekkinng pels voltants de l\u2019institut, sobretot pels boscos propers al centre; han destinat una hora de neteja (volunt\u00e0riament) amb els resultats que podeu veure a la foto. Chapeau!<\/p>\n<p style=\"text-align: center;\"><a href=\"https:\/\/agora.xtec.cat\/iesdecelra\/wp-content\/uploads\/usu1789\/2019\/09\/IMG_1216.jpg\"><img loading=\"lazy\" decoding=\"async\" class=\"alignnone size-large wp-image-2507\" src=\"https:\/\/agora.xtec.cat\/iesdecelra\/wp-content\/uploads\/usu1789\/2019\/09\/IMG_1216-1024x768.jpg\" alt=\"\" width=\"1024\" height=\"768\" srcset=\"https:\/\/agora.xtec.cat\/iesdecelra\/wp-content\/uploads\/usu1789\/2019\/09\/IMG_1216-1024x768.jpg 1024w, https:\/\/agora.xtec.cat\/iesdecelra\/wp-content\/uploads\/usu1789\/2019\/09\/IMG_1216-300x225.jpg 300w, https:\/\/agora.xtec.cat\/iesdecelra\/wp-content\/uploads\/usu1789\/2019\/09\/IMG_1216-768x576.jpg 768w, https:\/\/agora.xtec.cat\/iesdecelra\/wp-content\/uploads\/usu1789\/2019\/09\/IMG_1216-200x150.jpg 200w\" sizes=\"auto, (max-width: 1024px) 100vw, 1024px\" \/><\/a><\/p>\n<p>&nbsp;<\/p>\n<p>&nbsp;<\/p>\n","protected":false},"excerpt":{"rendered":"<p>Tots hem de posar el nostre granet de sorra davant de l&#8217;emerg\u00e8ncia clim\u00e0tica i aix\u00f2 \u00e9s el que han fet avui a final del mat\u00ed alguns nois i noies de 2n d&#8217;ESO. Els alumnes de 2n Z s\u2019han adherit a la vaga pel canvi clim\u00e0tic&hellip;  <a href=\"https:\/\/agora.xtec.cat\/iesdecelra\/cursos\/eso\/eso-2\/vaga-mundial-pel-clima\/\" title=\"Read VAGA MUNDIAL PEL CLIMA\">Llegeix m\u00e9s\u00bb<\/a><\/p>\n","protected":false},"author":1,"featured_media":2507,"comment_status":"open","ping_status":"closed","sticky":false,"template":"","format":"standard","meta":{"_bbp_topic_count":0,"_bbp_reply_count":0,"_bbp_total_topic_count":0,"_bbp_total_reply_count":0,"_bbp_voice_count":0,"_bbp_anonymous_reply_count":0,"_bbp_topic_count_hidden":0,"_bbp_reply_count_hidden":0,"_bbp_forum_subforum_count":0,"footnotes":""},"categories":[103,5],"tags":[239,246],"class_list":["post-2506","post","type-post","status-publish","format-standard","has-post-thumbnail","hentry","category-actualitat","category-eso-2","tag-curs-2019-2020","tag-vagam-mundial-pel-clima"],"post_mailing_queue_ids":[],"_links":{"self":[{"href":"https:\/\/agora.xtec.cat\/iesdecelra\/wp-json\/wp\/v2\/posts\/2506","targetHints":{"allow":["GET"]}}],"collection":[{"href":"https:\/\/agora.xtec.cat\/iesdecelra\/wp-json\/wp\/v2\/posts"}],"about":[{"href":"https:\/\/agora.xtec.cat\/iesdecelra\/wp-json\/wp\/v2\/types\/post"}],"author":[{"embeddable":true,"href":"https:\/\/agora.xtec.cat\/iesdecelra\/wp-json\/wp\/v2\/users\/1"}],"replies":[{"embeddable":true,"href":"https:\/\/agora.xtec.cat\/iesdecelra\/wp-json\/wp\/v2\/comments?post=2506"}],"version-history":[{"count":1,"href":"https:\/\/agora.xtec.cat\/iesdecelra\/wp-json\/wp\/v2\/posts\/2506\/revisions"}],"predecessor-version":[{"id":2508,"href":"https:\/\/agora.xtec.cat\/iesdecelra\/wp-json\/wp\/v2\/posts\/2506\/revisions\/2508"}],"wp:featuredmedia":[{"embeddable":true,"href":"https:\/\/agora.xtec.cat\/iesdecelra\/wp-json\/wp\/v2\/media\/2507"}],"wp:attachment":[{"href":"https:\/\/agora.xtec.cat\/iesdecelra\/wp-json\/wp\/v2\/media?parent=2506"}],"wp:term":[{"taxonomy":"category","embeddable":true,"href":"https:\/\/agora.xtec.cat\/iesdecelra\/wp-json\/wp\/v2\/categories?post=2506"},{"taxonomy":"post_tag","embeddable":true,"href":"https:\/\/agora.xtec.cat\/iesdecelra\/wp-json\/wp\/v2\/tags?post=2506"}],"curies":[{"name":"wp","href":"https:\/\/api.w.org\/{rel}","templated":true}]}}