{"id":2500,"date":"2019-09-25T22:15:27","date_gmt":"2019-09-25T20:15:27","guid":{"rendered":"http:\/\/agora.xtec.cat\/iesdecelra\/?p=2500"},"modified":"2019-09-25T22:15:27","modified_gmt":"2019-09-25T20:15:27","slug":"linstitut-de-celra-reconegut-al-programa-erasmus","status":"publish","type":"post","link":"https:\/\/agora.xtec.cat\/iesdecelra\/actualitat\/linstitut-de-celra-reconegut-al-programa-erasmus\/","title":{"rendered":"L&#8217;INSTITUT DE CELR\u00c0 RECONEGUT AL PROGRAMA ERASMUS+"},"content":{"rendered":"<p style=\"text-align: justify;\"><span style=\"font-weight: 400;\">L\u2019Institut de Celr\u00e0 ha estat reconegut per la Uni\u00f3 Europea a trav\u00e9s del programa <\/span><b>Erasmus+<\/b><span style=\"font-weight: 400;\">. Durant el curs 2019 al 2021 serem coordinadors d\u2019un programa innovador que pret\u00e9n potenciar i estendre el servei comunitari i el voluntariat a l\u2019institut amb el t\u00edtol \u201c<\/span><b>Evaluating School Social Engagement&#8221;<\/b><span style=\"font-weight: 400;\">. <\/span><\/p>\n<p style=\"text-align: justify;\"><span style=\"font-weight: 400;\">El projecte, coordinat per les professores Mireia Guillaumes i Elisabeth Casacuberta, va ser reconegut durant el mes de juliol passat amb molt bona puntuaci\u00f3 i estar\u00e0 subvencionat. Es tracta d\u2019un programa de centre que englobar\u00e0 diferents actuacions amb alumnes i entitats, aix\u00ed com mobilitats, amb la participaci\u00f3 d\u2019un institut belga i un d\u2019itali\u00e0. L\u2019objectiu final \u00e9s crear les bases per consolidar el servei comunitari als instituts de secund\u00e0ria, tenint com a refer\u00e8ncia les universitats americanes i del nord d\u2019Europa i seguint la l\u00ednia del Departament d\u2019Educaci\u00f3, que aposta per consolidar el servei comunitari als centres escolars.\u00a0 <\/span><\/p>\n<p style=\"text-align: justify;\"><span style=\"font-weight: 400;\">Tot just engegat, el projecte est\u00e0 tenint molt bona acollida entre personal docent, alumnes, entitats socials, ajuntaments i Departament d&#8217;Educaci\u00f3.\u00a0<\/span><\/p>\n<p style=\"text-align: justify;\"><span style=\"font-weight: 400;\">Per saber m\u00e9s sobre el programa Erasmus+: <\/span><a href=\"https:\/\/ec.europa.eu\/programmes\/erasmus-plus\/about_es\"><span style=\"font-weight: 400;\">https:\/\/ec.europa.eu\/programmes\/erasmus-plus\/about_es<\/span><\/a><\/p>\n<p>&nbsp;<\/p>\n<p><a href=\"https:\/\/agora.xtec.cat\/iesdecelra\/wp-content\/uploads\/usu1789\/2019\/09\/EU-flag-Erasmus-1.png\"><img loading=\"lazy\" decoding=\"async\" class=\"alignnone size-full wp-image-2502\" src=\"https:\/\/agora.xtec.cat\/iesdecelra\/wp-content\/uploads\/usu1789\/2019\/09\/EU-flag-Erasmus-1.png\" alt=\"\" width=\"943\" height=\"269\" srcset=\"https:\/\/agora.xtec.cat\/iesdecelra\/wp-content\/uploads\/usu1789\/2019\/09\/EU-flag-Erasmus-1.png 943w, https:\/\/agora.xtec.cat\/iesdecelra\/wp-content\/uploads\/usu1789\/2019\/09\/EU-flag-Erasmus-1-300x86.png 300w, https:\/\/agora.xtec.cat\/iesdecelra\/wp-content\/uploads\/usu1789\/2019\/09\/EU-flag-Erasmus-1-768x219.png 768w\" sizes=\"auto, (max-width: 943px) 100vw, 943px\" \/><\/a> <a href=\"https:\/\/agora.xtec.cat\/iesdecelra\/wp-content\/uploads\/usu1789\/2019\/09\/cofinanciadoEN_derecha.png\"><img loading=\"lazy\" decoding=\"async\" class=\"alignnone size-full wp-image-2501\" src=\"https:\/\/agora.xtec.cat\/iesdecelra\/wp-content\/uploads\/usu1789\/2019\/09\/cofinanciadoEN_derecha.png\" alt=\"\" width=\"844\" height=\"193\" srcset=\"https:\/\/agora.xtec.cat\/iesdecelra\/wp-content\/uploads\/usu1789\/2019\/09\/cofinanciadoEN_derecha.png 844w, https:\/\/agora.xtec.cat\/iesdecelra\/wp-content\/uploads\/usu1789\/2019\/09\/cofinanciadoEN_derecha-300x69.png 300w, https:\/\/agora.xtec.cat\/iesdecelra\/wp-content\/uploads\/usu1789\/2019\/09\/cofinanciadoEN_derecha-768x176.png 768w\" sizes=\"auto, (max-width: 844px) 100vw, 844px\" \/><\/a><\/p>\n<p>&nbsp;<\/p>\n<p>&nbsp;<\/p>\n","protected":false},"excerpt":{"rendered":"<p>L\u2019Institut de Celr\u00e0 ha estat reconegut per la Uni\u00f3 Europea a trav\u00e9s del programa Erasmus+. Durant el curs 2019 al 2021 serem coordinadors d\u2019un programa innovador que pret\u00e9n potenciar i estendre el servei comunitari i el voluntariat a l\u2019institut amb el t\u00edtol \u201cEvaluating School Social&hellip;  <a href=\"https:\/\/agora.xtec.cat\/iesdecelra\/actualitat\/linstitut-de-celra-reconegut-al-programa-erasmus\/\" title=\"Read L&#8217;INSTITUT DE CELR\u00c0 RECONEGUT AL PROGRAMA ERASMUS+\">Llegeix m\u00e9s\u00bb<\/a><\/p>\n","protected":false},"author":1,"featured_media":2503,"comment_status":"open","ping_status":"closed","sticky":false,"template":"","format":"standard","meta":{"_bbp_topic_count":0,"_bbp_reply_count":0,"_bbp_total_topic_count":0,"_bbp_total_reply_count":0,"_bbp_voice_count":0,"_bbp_anonymous_reply_count":0,"_bbp_topic_count_hidden":0,"_bbp_reply_count_hidden":0,"_bbp_forum_subforum_count":0,"footnotes":""},"categories":[103,156],"tags":[239,245],"class_list":["post-2500","post","type-post","status-publish","format-standard","has-post-thumbnail","hentry","category-actualitat","category-european-projects","tag-curs-2019-2020","tag-erasmus"],"post_mailing_queue_ids":[],"_links":{"self":[{"href":"https:\/\/agora.xtec.cat\/iesdecelra\/wp-json\/wp\/v2\/posts\/2500","targetHints":{"allow":["GET"]}}],"collection":[{"href":"https:\/\/agora.xtec.cat\/iesdecelra\/wp-json\/wp\/v2\/posts"}],"about":[{"href":"https:\/\/agora.xtec.cat\/iesdecelra\/wp-json\/wp\/v2\/types\/post"}],"author":[{"embeddable":true,"href":"https:\/\/agora.xtec.cat\/iesdecelra\/wp-json\/wp\/v2\/users\/1"}],"replies":[{"embeddable":true,"href":"https:\/\/agora.xtec.cat\/iesdecelra\/wp-json\/wp\/v2\/comments?post=2500"}],"version-history":[{"count":1,"href":"https:\/\/agora.xtec.cat\/iesdecelra\/wp-json\/wp\/v2\/posts\/2500\/revisions"}],"predecessor-version":[{"id":2504,"href":"https:\/\/agora.xtec.cat\/iesdecelra\/wp-json\/wp\/v2\/posts\/2500\/revisions\/2504"}],"wp:featuredmedia":[{"embeddable":true,"href":"https:\/\/agora.xtec.cat\/iesdecelra\/wp-json\/wp\/v2\/media\/2503"}],"wp:attachment":[{"href":"https:\/\/agora.xtec.cat\/iesdecelra\/wp-json\/wp\/v2\/media?parent=2500"}],"wp:term":[{"taxonomy":"category","embeddable":true,"href":"https:\/\/agora.xtec.cat\/iesdecelra\/wp-json\/wp\/v2\/categories?post=2500"},{"taxonomy":"post_tag","embeddable":true,"href":"https:\/\/agora.xtec.cat\/iesdecelra\/wp-json\/wp\/v2\/tags?post=2500"}],"curies":[{"name":"wp","href":"https:\/\/api.w.org\/{rel}","templated":true}]}}