{"id":2480,"date":"2019-09-23T20:11:45","date_gmt":"2019-09-23T18:11:45","guid":{"rendered":"http:\/\/agora.xtec.cat\/iesdecelra\/?p=2480"},"modified":"2019-09-23T23:01:20","modified_gmt":"2019-09-23T21:01:20","slug":"connexio-nautilus","status":"publish","type":"post","link":"https:\/\/agora.xtec.cat\/iesdecelra\/cursos\/batxillerat\/connexio-nautilus\/","title":{"rendered":"CONNEXI\u00d3 NAUTILUS"},"content":{"rendered":"<p style=\"text-align: justify;\">El divendres passat els alumnes de ci\u00e8ncies de 1r i 2n de Batxillerat van poder fer una connexi\u00f3 en directe amb el <a href=\"https:\/\/nautiluslive.org\/\">Nautilus<\/a>, el vaixell d&#8217;exploraci\u00f3 oceanogr\u00e0fica de la Ocean Exploration Trust (fundaci\u00f3 americana dirigida per Bob Ballard, conegut per haver descobert les restes del Tit\u00e0nic, entre d&#8217;altres).<\/p>\n<p style=\"text-align: justify;\"><a href=\"https:\/\/agora.xtec.cat\/iesdecelra\/wp-content\/uploads\/usu1789\/2019\/09\/Captura-de-pantalla-2019-09-23-a-les-20.07.26.png\"><img loading=\"lazy\" decoding=\"async\" class=\"wp-image-2484 alignright\" src=\"https:\/\/agora.xtec.cat\/iesdecelra\/wp-content\/uploads\/usu1789\/2019\/09\/Captura-de-pantalla-2019-09-23-a-les-20.07.26-1024x562.png\" alt=\"\" width=\"424\" height=\"233\" srcset=\"https:\/\/agora.xtec.cat\/iesdecelra\/wp-content\/uploads\/usu1789\/2019\/09\/Captura-de-pantalla-2019-09-23-a-les-20.07.26-1024x562.png 1024w, https:\/\/agora.xtec.cat\/iesdecelra\/wp-content\/uploads\/usu1789\/2019\/09\/Captura-de-pantalla-2019-09-23-a-les-20.07.26-300x165.png 300w, https:\/\/agora.xtec.cat\/iesdecelra\/wp-content\/uploads\/usu1789\/2019\/09\/Captura-de-pantalla-2019-09-23-a-les-20.07.26-768x421.png 768w, https:\/\/agora.xtec.cat\/iesdecelra\/wp-content\/uploads\/usu1789\/2019\/09\/Captura-de-pantalla-2019-09-23-a-les-20.07.26.png 1298w\" sizes=\"auto, (max-width: 424px) 100vw, 424px\" \/><\/a>El Nautilus cada any recorre de maig-juny a setembre-octubre diferents zones del Pac\u00edfic amb una doble missi\u00f3: per una banda, explorar el fons mar\u00ed amb 2 robots per agafar mostres geol\u00f2giques, mostres d&#8217;aigua, buscar i captar imatges d&#8217;esp\u00e8cies noves, explorar naus enfonsades (arqueologia submarina), etc. i, per altra banda, mapejar el fons mar\u00ed amb una resoluci\u00f3 important, de manera que de mica en mica es pugui anar tenint una imatge real del relleu mar\u00ed amb exactitud (\u00e9s de les zones de la terra de qu\u00e8 es t\u00e9 menys coneixement).<\/p>\n<p style=\"text-align: justify;\">A bord del Nautilus hi ha cient\u00edfics (ge\u00f2legs, bi\u00f2legs, enginyers, arque\u00f2legs, comunicadors, periodistes, etc) a banda de la tripulaci\u00f3 pr\u00f2piament dita. Des de Celr\u00e0 vam poder connectar amb l&#8217;Albert Palomer Vila, un enginyer industrial que ha fet el doctorat en rob\u00f2tica submarina a la UdG i que ha desenvolupat un sensor l\u00e0ser per millorar els robots i la batimetria submarina. En aquell moment es trobava en la campanya que va sortir de les illes Samoa i que va arribar aquest dilluns passat a Hawaii.<\/p>\n<p style=\"text-align: justify;\">Durant la connexi\u00f3, l&#8217;Albert ens va explicar qu\u00e8 feien al vaixell, com era un vaixell oceanogr\u00e0fic, en qu\u00e8 consistien les campanyes, quina era la seva tasca com a investigadors, i quins descobriments o troballes importants havien fet.<\/p>\n<p style=\"text-align: justify;\">A continuaci\u00f3 trobareu uns v\u00eddeos i una not\u00edcia del diari electr\u00f2nic Naci\u00f3 digital en qu\u00e8 es presenta una esp\u00e8cie estranya de medusa de qu\u00e8 van poder captar imatges durant aquesta expedici\u00f3 i que nom\u00e9s s&#8217;ha pogut veure 12 vegades en tot el m\u00f3n, a banda d&#8217;un parell de gravacions m\u00e9s de fauna (pop i taur\u00f3) que tamb\u00e9 van poder enregistrar amb el robot.<\/p>\n<p>Volem agrair a l&#8217;Albert la seva col\u00b7laboraci\u00f3 amb l&#8217;Institut aix\u00ed com felicitar-lo per la tasca que fa i per l&#8217;entusiasme amb qu\u00e8 va presentar el dia a dia de la investigaci\u00f3 submarina.<\/p>\n<div><\/div>\n<div style=\"text-align: justify;\"><span style=\"font-size: 14pt;\"><a href=\"https:\/\/www.naciodigital.cat\/canaldigital\/noticia\/25911\/deo\/ins\/lita\/trobada\/amb\/meduses\/estranyes\/espectaculars?utm_medium=Social&amp;utm_source=Facebook&amp;territori=NacioDigital#Echobox=1568839202\" target=\"_blank\" rel=\"noopener noreferrer\" data-saferedirecturl=\"https:\/\/www.google.com\/url?q=https:\/\/www.naciodigital.cat\/canaldigital\/noticia\/25911\/deo\/ins\/lita\/trobada\/amb\/meduses\/estranyes\/espectaculars?utm_medium%3DSocial%26utm_source%3DFacebook%26territori%3DNacioDigital%23Echobox%3D1568839202&amp;source=gmail&amp;ust=1569346001061000&amp;usg=AFQjCNFrPDVuBZy2F7P6Tzbak4TQtn0NcA\">https:\/\/www.naciodigital.cat\/<wbr \/>canaldigital\/noticia\/25911\/<wbr \/>deo\/ins\/lita\/trobada\/amb\/<wbr \/>meduses\/estranyes\/<wbr \/>espectaculars?utm_medium=<wbr \/>Social&amp;utm_source=Facebook&amp;<wbr \/>territori=NacioDigital#<wbr \/>Echobox=1568839202<\/a><\/span><\/div>\n<div><\/div>\n<div>\n<p>&nbsp;<\/p>\n<p><iframe loading=\"lazy\" title=\"Cirroteuthid Octopus Billows Like a Circus Tent | Nautilus Live\" width=\"500\" height=\"281\" src=\"https:\/\/www.youtube.com\/embed\/lbHjs9A7sis?feature=oembed\" frameborder=\"0\" allow=\"accelerometer; autoplay; clipboard-write; encrypted-media; gyroscope; picture-in-picture; web-share\" referrerpolicy=\"strict-origin-when-cross-origin\" allowfullscreen><\/iframe><\/p>\n<\/div>\n<div>\n<p><iframe loading=\"lazy\" title=\"Prickly Shark Nimbly Maneuvers Above Seafloor | Nautilus Live\" width=\"500\" height=\"281\" src=\"https:\/\/www.youtube.com\/embed\/M_EezRFvhsE?feature=oembed\" frameborder=\"0\" allow=\"accelerometer; autoplay; clipboard-write; encrypted-media; gyroscope; picture-in-picture; web-share\" referrerpolicy=\"strict-origin-when-cross-origin\" allowfullscreen><\/iframe><\/p>\n<\/div>\n","protected":false},"excerpt":{"rendered":"<p>El divendres passat els alumnes de ci\u00e8ncies de 1r i 2n de Batxillerat van poder fer una connexi\u00f3 en directe amb el <a href=\"https:\/\/nautiluslive.org\/\">Nautilus<\/a>, el vaixell d&#8217;exploraci\u00f3 oceanogr\u00e0fica de la Ocean Exploration Trust (fundaci\u00f3 americana dirigida per Bob Ballard, conegut per haver descobert les restes&hellip;  <a href=\"https:\/\/agora.xtec.cat\/iesdecelra\/cursos\/batxillerat\/connexio-nautilus\/\" title=\"Read CONNEXI\u00d3 NAUTILUS\">Llegeix m\u00e9s\u00bb<\/a><\/p>\n","protected":false},"author":1,"featured_media":2485,"comment_status":"open","ping_status":"closed","sticky":false,"template":"","format":"standard","meta":{"_bbp_topic_count":0,"_bbp_reply_count":0,"_bbp_total_topic_count":0,"_bbp_total_reply_count":0,"_bbp_voice_count":0,"_bbp_anonymous_reply_count":0,"_bbp_topic_count_hidden":0,"_bbp_reply_count_hidden":0,"_bbp_forum_subforum_count":0,"footnotes":""},"categories":[103,8],"tags":[239,224,244],"class_list":["post-2480","post","type-post","status-publish","format-standard","has-post-thumbnail","hentry","category-actualitat","category-batxillerat","tag-curs-2019-2020","tag-departament-de-ciencies","tag-nutilus"],"post_mailing_queue_ids":[],"_links":{"self":[{"href":"https:\/\/agora.xtec.cat\/iesdecelra\/wp-json\/wp\/v2\/posts\/2480","targetHints":{"allow":["GET"]}}],"collection":[{"href":"https:\/\/agora.xtec.cat\/iesdecelra\/wp-json\/wp\/v2\/posts"}],"about":[{"href":"https:\/\/agora.xtec.cat\/iesdecelra\/wp-json\/wp\/v2\/types\/post"}],"author":[{"embeddable":true,"href":"https:\/\/agora.xtec.cat\/iesdecelra\/wp-json\/wp\/v2\/users\/1"}],"replies":[{"embeddable":true,"href":"https:\/\/agora.xtec.cat\/iesdecelra\/wp-json\/wp\/v2\/comments?post=2480"}],"version-history":[{"count":3,"href":"https:\/\/agora.xtec.cat\/iesdecelra\/wp-json\/wp\/v2\/posts\/2480\/revisions"}],"predecessor-version":[{"id":2492,"href":"https:\/\/agora.xtec.cat\/iesdecelra\/wp-json\/wp\/v2\/posts\/2480\/revisions\/2492"}],"wp:featuredmedia":[{"embeddable":true,"href":"https:\/\/agora.xtec.cat\/iesdecelra\/wp-json\/wp\/v2\/media\/2485"}],"wp:attachment":[{"href":"https:\/\/agora.xtec.cat\/iesdecelra\/wp-json\/wp\/v2\/media?parent=2480"}],"wp:term":[{"taxonomy":"category","embeddable":true,"href":"https:\/\/agora.xtec.cat\/iesdecelra\/wp-json\/wp\/v2\/categories?post=2480"},{"taxonomy":"post_tag","embeddable":true,"href":"https:\/\/agora.xtec.cat\/iesdecelra\/wp-json\/wp\/v2\/tags?post=2480"}],"curies":[{"name":"wp","href":"https:\/\/api.w.org\/{rel}","templated":true}]}}