{"id":2469,"date":"2019-09-23T11:13:44","date_gmt":"2019-09-23T09:13:44","guid":{"rendered":"http:\/\/agora.xtec.cat\/iesdecelra\/?p=2469"},"modified":"2019-09-23T11:13:44","modified_gmt":"2019-09-23T09:13:44","slug":"12-de-setembre-de-2019","status":"publish","type":"post","link":"https:\/\/agora.xtec.cat\/iesdecelra\/general\/musica-de-la-setmana\/12-de-setembre-de-2019\/","title":{"rendered":"12 de setembre de 2019"},"content":{"rendered":"<p>Comencem curs i estrenem lema: Descobreix-te!<\/p>\n<p>I \u00e9s per aix\u00f2 que durant aquestes dos dies i la setmana vinent ens acompanyar\u00e0 la can\u00e7\u00f3 tamb\u00e9 titulada <em>Descobreix-te<\/em> i que va ser la sintonia de la s\u00e8rie Ventdelpl\u00e0 de TV3 ja fa uns quants anys.<\/p>\n<p><a href=\"https:\/\/youtu.be\/dBWYXBup0nA\">https:\/\/youtu.be\/dBWYXBup0nA<\/a><\/p>\n<p><a href=\"https:\/\/youtu.be\/dBWYXBup0nA\"><img loading=\"lazy\" decoding=\"async\" class=\"size-full wp-image-2471 aligncenter\" src=\"https:\/\/agora.xtec.cat\/iesdecelra\/wp-content\/uploads\/usu1789\/2019\/09\/Captura.png\" alt=\"\" width=\"527\" height=\"325\" srcset=\"https:\/\/agora.xtec.cat\/iesdecelra\/wp-content\/uploads\/usu1789\/2019\/09\/Captura.png 527w, https:\/\/agora.xtec.cat\/iesdecelra\/wp-content\/uploads\/usu1789\/2019\/09\/Captura-300x185.png 300w\" sizes=\"auto, (max-width: 527px) 100vw, 527px\" \/><\/a><\/p>\n<p>&nbsp;<\/p>\n<p>&nbsp;<\/p>\n","protected":false},"excerpt":{"rendered":"<p>Comencem curs i estrenem lema: Descobreix-te!<br \/>\nI \u00e9s per aix\u00f2 que durant aquestes dos dies i la setmana vinent ens acompanyar\u00e0 la can\u00e7\u00f3 tamb\u00e9 titulada Descobreix-te i que va ser la sintonia de la s\u00e8rie Ventdelpl\u00e0 de TV3 ja fa uns quants anys.<br \/>\n<a href=\"https:\/\/youtu.be\/dBWYXBup0nA\">https:\/\/youtu.be\/dBWYXBup0nA<\/a><br \/>\n<a href=\"https:\/\/youtu.be\/dBWYXBup0nA\"><\/a><br \/>\n&nbsp;<br \/>\n&nbsp;<\/p>\n","protected":false},"author":1,"featured_media":2471,"comment_status":"open","ping_status":"closed","sticky":false,"template":"","format":"standard","meta":{"_bbp_topic_count":0,"_bbp_reply_count":0,"_bbp_total_topic_count":0,"_bbp_total_reply_count":0,"_bbp_voice_count":0,"_bbp_anonymous_reply_count":0,"_bbp_topic_count_hidden":0,"_bbp_reply_count_hidden":0,"_bbp_forum_subforum_count":0,"footnotes":""},"categories":[122],"tags":[239,123],"class_list":["post-2469","post","type-post","status-publish","format-standard","has-post-thumbnail","hentry","category-musica-de-la-setmana","tag-curs-2019-2020","tag-musica-de-la-setmana"],"post_mailing_queue_ids":[],"_links":{"self":[{"href":"https:\/\/agora.xtec.cat\/iesdecelra\/wp-json\/wp\/v2\/posts\/2469","targetHints":{"allow":["GET"]}}],"collection":[{"href":"https:\/\/agora.xtec.cat\/iesdecelra\/wp-json\/wp\/v2\/posts"}],"about":[{"href":"https:\/\/agora.xtec.cat\/iesdecelra\/wp-json\/wp\/v2\/types\/post"}],"author":[{"embeddable":true,"href":"https:\/\/agora.xtec.cat\/iesdecelra\/wp-json\/wp\/v2\/users\/1"}],"replies":[{"embeddable":true,"href":"https:\/\/agora.xtec.cat\/iesdecelra\/wp-json\/wp\/v2\/comments?post=2469"}],"version-history":[{"count":1,"href":"https:\/\/agora.xtec.cat\/iesdecelra\/wp-json\/wp\/v2\/posts\/2469\/revisions"}],"predecessor-version":[{"id":2473,"href":"https:\/\/agora.xtec.cat\/iesdecelra\/wp-json\/wp\/v2\/posts\/2469\/revisions\/2473"}],"wp:featuredmedia":[{"embeddable":true,"href":"https:\/\/agora.xtec.cat\/iesdecelra\/wp-json\/wp\/v2\/media\/2471"}],"wp:attachment":[{"href":"https:\/\/agora.xtec.cat\/iesdecelra\/wp-json\/wp\/v2\/media?parent=2469"}],"wp:term":[{"taxonomy":"category","embeddable":true,"href":"https:\/\/agora.xtec.cat\/iesdecelra\/wp-json\/wp\/v2\/categories?post=2469"},{"taxonomy":"post_tag","embeddable":true,"href":"https:\/\/agora.xtec.cat\/iesdecelra\/wp-json\/wp\/v2\/tags?post=2469"}],"curies":[{"name":"wp","href":"https:\/\/api.w.org\/{rel}","templated":true}]}}