{"id":2441,"date":"2019-09-14T18:06:33","date_gmt":"2019-09-14T16:06:33","guid":{"rendered":"http:\/\/agora.xtec.cat\/iesdecelra\/?p=2441"},"modified":"2019-09-14T18:06:33","modified_gmt":"2019-09-14T16:06:33","slug":"descobreix-te-lema-del-curs-2019-2020","status":"publish","type":"post","link":"https:\/\/agora.xtec.cat\/iesdecelra\/actualitat\/descobreix-te-lema-del-curs-2019-2020\/","title":{"rendered":"DESCOBREIX-TE: LEMA DEL CURS 2019-2020"},"content":{"rendered":"<p><span style=\"font-weight: 400;\">El LEMA d&#8217;aquest curs \u00e9s DESCOBREIX-TE amb el sublema\u00a0 <\/span><b><i>Ning\u00fa no sap de qu\u00e8 \u00e9s capa\u00e7 fins que ho intenta <\/i><\/b><i><span style=\"font-weight: 400;\">(Publius Syrus, poeta dram\u00e0tic rom\u00e0, segle I aC).<\/span><\/i><\/p>\n<p><span style=\"font-weight: 400;\">La idea<\/span><span style=\"font-weight: 400;\"> que va fer proposar aquest lema va ser la de potenciar la recerca de les potencialitats de cadasc\u00fa, de refor\u00e7ar les fortaleses i con\u00e8ixer i recon\u00e8ixer les debilitats. Amb activitats variades procurarem treballar<\/span><span style=\"font-weight: 400;\"> el cam\u00ed de l&#8217;autoconeixement, el cam\u00ed de cercar o refor\u00e7ar tot all\u00f2 de bo que tenim i que potser desconeixem o que per diversitat de motius no acabem de saber explotar o ni tan sols mostrar, el cam\u00ed per tenir curiositat per explorar, per cercar, per trobar, per investigar i per sorprendre\u2019ns cada dia. <\/span><\/p>\n<p><span style=\"font-weight: 400;\">El curs ha quedat inaugurat i el lema DESCOBREIX-TE ja ens acompanya; un repte? S\u00ed! El nostre repte per aquest curs.\u00a0<\/span><\/p>\n<p>&nbsp;<\/p>\n","protected":false},"excerpt":{"rendered":"<p>El LEMA d&#8217;aquest curs \u00e9s DESCOBREIX-TE amb el sublema\u00a0 Ning\u00fa no sap de qu\u00e8 \u00e9s capa\u00e7 fins que ho intenta (Publius Syrus, poeta dram\u00e0tic rom\u00e0, segle I aC).<br \/>\nLa idea que va fer proposar aquest lema va ser la de potenciar la recerca de les potencialitats&hellip;  <a href=\"https:\/\/agora.xtec.cat\/iesdecelra\/actualitat\/descobreix-te-lema-del-curs-2019-2020\/\" title=\"Read DESCOBREIX-TE: LEMA DEL CURS 2019-2020\">Llegeix m\u00e9s\u00bb<\/a><\/p>\n","protected":false},"author":1,"featured_media":2443,"comment_status":"open","ping_status":"closed","sticky":false,"template":"","format":"standard","meta":{"_bbp_topic_count":0,"_bbp_reply_count":0,"_bbp_total_topic_count":0,"_bbp_total_reply_count":0,"_bbp_voice_count":0,"_bbp_anonymous_reply_count":0,"_bbp_topic_count_hidden":0,"_bbp_reply_count_hidden":0,"_bbp_forum_subforum_count":0,"footnotes":""},"categories":[103],"tags":[239,243],"class_list":["post-2441","post","type-post","status-publish","format-standard","has-post-thumbnail","hentry","category-actualitat","tag-curs-2019-2020","tag-lema"],"post_mailing_queue_ids":[],"_links":{"self":[{"href":"https:\/\/agora.xtec.cat\/iesdecelra\/wp-json\/wp\/v2\/posts\/2441","targetHints":{"allow":["GET"]}}],"collection":[{"href":"https:\/\/agora.xtec.cat\/iesdecelra\/wp-json\/wp\/v2\/posts"}],"about":[{"href":"https:\/\/agora.xtec.cat\/iesdecelra\/wp-json\/wp\/v2\/types\/post"}],"author":[{"embeddable":true,"href":"https:\/\/agora.xtec.cat\/iesdecelra\/wp-json\/wp\/v2\/users\/1"}],"replies":[{"embeddable":true,"href":"https:\/\/agora.xtec.cat\/iesdecelra\/wp-json\/wp\/v2\/comments?post=2441"}],"version-history":[{"count":2,"href":"https:\/\/agora.xtec.cat\/iesdecelra\/wp-json\/wp\/v2\/posts\/2441\/revisions"}],"predecessor-version":[{"id":2444,"href":"https:\/\/agora.xtec.cat\/iesdecelra\/wp-json\/wp\/v2\/posts\/2441\/revisions\/2444"}],"wp:featuredmedia":[{"embeddable":true,"href":"https:\/\/agora.xtec.cat\/iesdecelra\/wp-json\/wp\/v2\/media\/2443"}],"wp:attachment":[{"href":"https:\/\/agora.xtec.cat\/iesdecelra\/wp-json\/wp\/v2\/media?parent=2441"}],"wp:term":[{"taxonomy":"category","embeddable":true,"href":"https:\/\/agora.xtec.cat\/iesdecelra\/wp-json\/wp\/v2\/categories?post=2441"},{"taxonomy":"post_tag","embeddable":true,"href":"https:\/\/agora.xtec.cat\/iesdecelra\/wp-json\/wp\/v2\/tags?post=2441"}],"curies":[{"name":"wp","href":"https:\/\/api.w.org\/{rel}","templated":true}]}}