{"id":2381,"date":"2019-07-16T09:56:51","date_gmt":"2019-07-16T07:56:51","guid":{"rendered":"http:\/\/agora.xtec.cat\/iesdecelra\/?p=2381"},"modified":"2019-07-16T09:56:51","modified_gmt":"2019-07-16T07:56:51","slug":"premis-xavier-puig-i-riera-a-lexcel%c2%b7lencia-i-a-lesforc","status":"publish","type":"post","link":"https:\/\/agora.xtec.cat\/iesdecelra\/afa\/premis-xavier-puig-i-riera-a-lexcel%c2%b7lencia-i-a-lesforc\/","title":{"rendered":"PREMIS XAVIER PUIG I RIERA A L&#8217;EXCEL\u00b7L\u00c8NCIA I A L&#8217;ESFOR\u00c7"},"content":{"rendered":"<p>El divendres 21 de juny es va fer el comiat del curs 2018-2019 en un acte al gimn\u00e0s de l&#8217;institut. Durant aquest acte es van lliurar els Premis Xavier Puig i Riera\u00a0a l&#8217;excel\u00b7l\u00e8ncia i a l&#8217;esfor\u00e7, promoguts i patrocinats per l&#8217;AMPA\u00a0de l&#8217;institut.<\/p>\n<p>Van obtenir el\u00a0<b>Premi a l&#8217;Esfor\u00e7<\/b> del curs 2018-2019:<\/p>\n<ul>\n<li>1r ESO\u00a0 \u00a0Emma Oliver Valldeperas<\/li>\n<li>2n ESO\u00a0 Merc\u00e8 Puig Font i Berta Soler Mascort<\/li>\n<li>3r ESO \u00a0 Jana Artigas Ferrer<\/li>\n<li>4t ESO\u00a0 \u00a0Marc Esbert Prades<\/li>\n<\/ul>\n<p>Van obtenir el\u00a0<b>Premi a l&#8217;Excel\u00b7l\u00e8ncia<\/b> del curs 2018-2019:<\/p>\n<div>\n<ul>\n<li>\u00a01r ESO \u00a0Greta Tarrida Juan-Torres i Sira Font Ginjaume<\/li>\n<li>\u00a02n ESO \u00a0Bruna Peris Nadal<\/li>\n<li>\u00a03r ESO \u00a0 Gina Font Ginjaume<\/li>\n<li>\u00a04t ESO\u00a0 Arnau Cornell\u00e0 Escatllar i Guillem Falg\u00e0s Pi<\/li>\n<\/ul>\n<\/div>\n<div class=\"separator\"><a href=\"https:\/\/photos.app.goo.gl\/PRSrDyPuvgdern7z8\"><img loading=\"lazy\" decoding=\"async\" class=\"aligncenter  wp-image-2383\" src=\"https:\/\/agora.xtec.cat\/iesdecelra\/wp-content\/uploads\/usu1789\/2019\/07\/DSCN3997-1024x768.jpg\" alt=\"\" width=\"815\" height=\"611\" srcset=\"https:\/\/agora.xtec.cat\/iesdecelra\/wp-content\/uploads\/usu1789\/2019\/07\/DSCN3997-1024x768.jpg 1024w, https:\/\/agora.xtec.cat\/iesdecelra\/wp-content\/uploads\/usu1789\/2019\/07\/DSCN3997-300x225.jpg 300w, https:\/\/agora.xtec.cat\/iesdecelra\/wp-content\/uploads\/usu1789\/2019\/07\/DSCN3997-768x576.jpg 768w, https:\/\/agora.xtec.cat\/iesdecelra\/wp-content\/uploads\/usu1789\/2019\/07\/DSCN3997-200x150.jpg 200w\" sizes=\"auto, (max-width: 815px) 100vw, 815px\" \/><\/a><\/div>\n<div class=\"separator\"><\/div>\n<p class=\"separator\" style=\"text-align: center;\">Felicitem els guanyadors i les guanyadores!<\/p>\n<p style=\"text-align: center;\">Si cliqueu <a href=\"https:\/\/photos.app.goo.gl\/PRSrDyPuvgdern7z8\">AQU\u00cd<\/a> o sobre la fotografia, podreu veure l&#8217;\u00e0lbum de fotos de l&#8217;acte de comiat i la gravaci\u00f3 del ball final.<\/p>\n","protected":false},"excerpt":{"rendered":"<p>El divendres 21 de juny es va fer el comiat del curs 2018-2019 en un acte al gimn\u00e0s de l&#8217;institut. Durant aquest acte es van lliurar els Premis Xavier Puig i Riera\u00a0a l&#8217;excel\u00b7l\u00e8ncia i a l&#8217;esfor\u00e7, promoguts i patrocinats per l&#8217;AMPA\u00a0de l&#8217;institut.<br \/>\nVan obtenir el\u00a0Premi a&hellip;  <a href=\"https:\/\/agora.xtec.cat\/iesdecelra\/afa\/premis-xavier-puig-i-riera-a-lexcel%c2%b7lencia-i-a-lesforc\/\" title=\"Read PREMIS XAVIER PUIG I RIERA A L&#8217;EXCEL\u00b7L\u00c8NCIA I A L&#8217;ESFOR\u00c7\">Llegeix m\u00e9s\u00bb<\/a><\/p>\n","protected":false},"author":1,"featured_media":2382,"comment_status":"closed","ping_status":"closed","sticky":false,"template":"","format":"standard","meta":{"_bbp_topic_count":0,"_bbp_reply_count":0,"_bbp_total_topic_count":0,"_bbp_total_reply_count":0,"_bbp_voice_count":0,"_bbp_anonymous_reply_count":0,"_bbp_topic_count_hidden":0,"_bbp_reply_count_hidden":0,"_bbp_forum_subforum_count":0,"footnotes":""},"categories":[103,31,218],"tags":[236,117,216],"class_list":["post-2381","post","type-post","status-publish","format-standard","has-post-thumbnail","hentry","category-actualitat","category-afa","category-concursos-i-premis","tag-acte-comiat-curs","tag-curs-2018-2019","tag-premis"],"post_mailing_queue_ids":[],"_links":{"self":[{"href":"https:\/\/agora.xtec.cat\/iesdecelra\/wp-json\/wp\/v2\/posts\/2381","targetHints":{"allow":["GET"]}}],"collection":[{"href":"https:\/\/agora.xtec.cat\/iesdecelra\/wp-json\/wp\/v2\/posts"}],"about":[{"href":"https:\/\/agora.xtec.cat\/iesdecelra\/wp-json\/wp\/v2\/types\/post"}],"author":[{"embeddable":true,"href":"https:\/\/agora.xtec.cat\/iesdecelra\/wp-json\/wp\/v2\/users\/1"}],"replies":[{"embeddable":true,"href":"https:\/\/agora.xtec.cat\/iesdecelra\/wp-json\/wp\/v2\/comments?post=2381"}],"version-history":[{"count":1,"href":"https:\/\/agora.xtec.cat\/iesdecelra\/wp-json\/wp\/v2\/posts\/2381\/revisions"}],"predecessor-version":[{"id":2384,"href":"https:\/\/agora.xtec.cat\/iesdecelra\/wp-json\/wp\/v2\/posts\/2381\/revisions\/2384"}],"wp:featuredmedia":[{"embeddable":true,"href":"https:\/\/agora.xtec.cat\/iesdecelra\/wp-json\/wp\/v2\/media\/2382"}],"wp:attachment":[{"href":"https:\/\/agora.xtec.cat\/iesdecelra\/wp-json\/wp\/v2\/media?parent=2381"}],"wp:term":[{"taxonomy":"category","embeddable":true,"href":"https:\/\/agora.xtec.cat\/iesdecelra\/wp-json\/wp\/v2\/categories?post=2381"},{"taxonomy":"post_tag","embeddable":true,"href":"https:\/\/agora.xtec.cat\/iesdecelra\/wp-json\/wp\/v2\/tags?post=2381"}],"curies":[{"name":"wp","href":"https:\/\/api.w.org\/{rel}","templated":true}]}}