{"id":2374,"date":"2019-07-12T09:29:09","date_gmt":"2019-07-12T07:29:09","guid":{"rendered":"http:\/\/agora.xtec.cat\/iesdecelra\/?p=2374"},"modified":"2019-07-12T09:29:09","modified_gmt":"2019-07-12T07:29:09","slug":"llegendes-del-mon","status":"publish","type":"post","link":"https:\/\/agora.xtec.cat\/iesdecelra\/actualitat\/llegendes-del-mon\/","title":{"rendered":"LLEGENDES DEL M\u00d3N"},"content":{"rendered":"<p>Els alumnes de l&#8217;aula d&#8217;acollida van preparar durant el 3r trimestre unes presentacions per explicar llegendes populars dels seus pa\u00efsos d&#8217;origen. N&#8217;han fet uns v\u00eddeos senzills que us adjuntem a continuaci\u00f3.<\/p>\n<p>Esperem que us agradin!<\/p>\n<p>&nbsp;<\/p>\n<p><iframe loading=\"lazy\" title=\"llegenda africana del Baobab\" width=\"500\" height=\"281\" src=\"https:\/\/www.youtube.com\/embed\/iP9u9RSgrqE?feature=oembed\" frameborder=\"0\" allow=\"accelerometer; autoplay; clipboard-write; encrypted-media; gyroscope; picture-in-picture; web-share\" referrerpolicy=\"strict-origin-when-cross-origin\" allowfullscreen><\/iframe><\/p>\n<p>&nbsp;<\/p>\n<p>&nbsp;<\/p>\n<p><iframe loading=\"lazy\" title=\"llegenda &quot;La sucia&quot;\" width=\"500\" height=\"375\" src=\"https:\/\/www.youtube.com\/embed\/mqLAkUQgjRA?feature=oembed\" frameborder=\"0\" allow=\"accelerometer; autoplay; clipboard-write; encrypted-media; gyroscope; picture-in-picture; web-share\" referrerpolicy=\"strict-origin-when-cross-origin\" allowfullscreen><\/iframe><\/p>\n<p>&nbsp;<\/p>\n<p><iframe loading=\"lazy\" title=\"llegenda aula acollida\" width=\"500\" height=\"281\" src=\"https:\/\/www.youtube.com\/embed\/4so7r2cF5Sk?feature=oembed\" frameborder=\"0\" allow=\"accelerometer; autoplay; clipboard-write; encrypted-media; gyroscope; picture-in-picture; web-share\" referrerpolicy=\"strict-origin-when-cross-origin\" allowfullscreen><\/iframe><\/p>\n<p>&nbsp;<\/p>\n<p><iframe loading=\"lazy\" title=\"llegenda 4\" width=\"500\" height=\"375\" src=\"https:\/\/www.youtube.com\/embed\/xHQ99m86Ir0?feature=oembed\" frameborder=\"0\" allow=\"accelerometer; autoplay; clipboard-write; encrypted-media; gyroscope; picture-in-picture; web-share\" referrerpolicy=\"strict-origin-when-cross-origin\" allowfullscreen><\/iframe><\/p>\n<p>&nbsp;<\/p>\n<p>&nbsp;<\/p>\n","protected":false},"excerpt":{"rendered":"<p>Els alumnes de l&#8217;aula d&#8217;acollida van preparar durant el 3r trimestre unes presentacions per explicar llegendes populars dels seus pa\u00efsos d&#8217;origen. N&#8217;han fet uns v\u00eddeos senzills que us adjuntem a continuaci\u00f3.<br \/>\nEsperem que us agradin!<br \/>\n&nbsp;<\/p>\n<p>&nbsp;<br \/>\n&nbsp;<\/p>\n<p>&nbsp;<\/p>\n<p>&nbsp;<\/p>\n<p>&nbsp;<br \/>\n&nbsp;<\/p>\n","protected":false},"author":1,"featured_media":2379,"comment_status":"closed","ping_status":"closed","sticky":false,"template":"","format":"standard","meta":{"_bbp_topic_count":0,"_bbp_reply_count":0,"_bbp_total_topic_count":0,"_bbp_total_reply_count":0,"_bbp_voice_count":0,"_bbp_anonymous_reply_count":0,"_bbp_topic_count_hidden":0,"_bbp_reply_count_hidden":0,"_bbp_forum_subforum_count":0,"footnotes":""},"categories":[103],"tags":[235,117],"class_list":["post-2374","post","type-post","status-publish","format-standard","has-post-thumbnail","hentry","category-actualitat","tag-aula-dacollida","tag-curs-2018-2019"],"post_mailing_queue_ids":[],"_links":{"self":[{"href":"https:\/\/agora.xtec.cat\/iesdecelra\/wp-json\/wp\/v2\/posts\/2374","targetHints":{"allow":["GET"]}}],"collection":[{"href":"https:\/\/agora.xtec.cat\/iesdecelra\/wp-json\/wp\/v2\/posts"}],"about":[{"href":"https:\/\/agora.xtec.cat\/iesdecelra\/wp-json\/wp\/v2\/types\/post"}],"author":[{"embeddable":true,"href":"https:\/\/agora.xtec.cat\/iesdecelra\/wp-json\/wp\/v2\/users\/1"}],"replies":[{"embeddable":true,"href":"https:\/\/agora.xtec.cat\/iesdecelra\/wp-json\/wp\/v2\/comments?post=2374"}],"version-history":[{"count":3,"href":"https:\/\/agora.xtec.cat\/iesdecelra\/wp-json\/wp\/v2\/posts\/2374\/revisions"}],"predecessor-version":[{"id":2380,"href":"https:\/\/agora.xtec.cat\/iesdecelra\/wp-json\/wp\/v2\/posts\/2374\/revisions\/2380"}],"wp:featuredmedia":[{"embeddable":true,"href":"https:\/\/agora.xtec.cat\/iesdecelra\/wp-json\/wp\/v2\/media\/2379"}],"wp:attachment":[{"href":"https:\/\/agora.xtec.cat\/iesdecelra\/wp-json\/wp\/v2\/media?parent=2374"}],"wp:term":[{"taxonomy":"category","embeddable":true,"href":"https:\/\/agora.xtec.cat\/iesdecelra\/wp-json\/wp\/v2\/categories?post=2374"},{"taxonomy":"post_tag","embeddable":true,"href":"https:\/\/agora.xtec.cat\/iesdecelra\/wp-json\/wp\/v2\/tags?post=2374"}],"curies":[{"name":"wp","href":"https:\/\/api.w.org\/{rel}","templated":true}]}}