{"id":2359,"date":"2019-07-09T19:50:11","date_gmt":"2019-07-09T17:50:11","guid":{"rendered":"http:\/\/agora.xtec.cat\/iesdecelra\/?p=2359"},"modified":"2019-07-09T19:50:11","modified_gmt":"2019-07-09T17:50:11","slug":"la-casa-de-las-rosas-y-otros-cuentos-macabros","status":"publish","type":"post","link":"https:\/\/agora.xtec.cat\/iesdecelra\/actualitat\/la-casa-de-las-rosas-y-otros-cuentos-macabros\/","title":{"rendered":"LA CASA DE LAS ROSAS Y OTROS CUENTOS MACABROS"},"content":{"rendered":"<p style=\"text-align: justify;\">La Maria Fontan\u00e9, exalumna de l&#8217;Institut de Celr\u00e0, ha publicat un llibre de relats de terror titulat <em>La casa de las rosas y otros cuentos macabros<\/em> a la col\u00b7lecci\u00f3 Narrativa de LC Ediciones. La seva germana, que tamb\u00e9 va ser estudiant del centre, la N\u00faria Fontan\u00e9, ha dibuixat les il\u00b7lustracions de cada conte.<\/p>\n<p style=\"text-align: justify;\">El llibre va ser presentat a la Llibreria 22 per la professora de llengua castellana i literatura, la Neus Masergas, juntament amb l&#8217;autora i la il\u00b7lustradora el passat 26 de juny. El llibre cont\u00e9 sis contes en qu\u00e8, segons explica la Maria Fontan\u00e9, no hi ha monstres perqu\u00e8 &#8220;el monstre ja \u00e9s dins de nosaltres, v\u00edctimes de les pr\u00f2pies f\u00f2bies i pensaments. Mitjan\u00e7ant aquestes hist\u00f2ries, emmarcades en un context de fantasia, s&#8217;intenta explorar com la psique humana \u00e9s capa\u00e7 de crear pors i ansietats m\u00e9s terribles que qualsevol b\u00e8stia cl\u00e0ssica&#8221;.<\/p>\n<p style=\"text-align: justify;\">El llibre es trobar\u00e0 a la biblioteca de l&#8217;institut a partir del proper curs.<\/p>\n<p style=\"text-align: center;\">\r\n\t<div class=\"slideshow_container slideshow_container_style-light\" style=\"height: 300px; \" data-slideshow-id=\"2361\" data-style-name=\"style-light\" data-style-version=\"2.3.1\" >\r\n\r\n\t\t\t\t\t<div class=\"slideshow_loading_icon\"><\/div>\r\n\t\t\r\n\t\t<div class=\"slideshow_content\" style=\"display: none;\">\r\n\r\n\t\t\t<div class=\"slideshow_view\">\r\n\t\t\t\t<div class=\"slideshow_slide slideshow_slide_image\">\r\n\t\t\t\t\t\t\t\t\t\t\t<img src=\"https:\/\/agora.xtec.cat\/iesdecelra\/wp-content\/uploads\/usu1789\/2019\/07\/65610415_1374767966004073_4215433581238943744_n.jpg\" alt=\"65610415_1374767966004073_4215433581238943744_n\" width=\"960\" height=\"720\" \/>\r\n\t\t\t\t\t\t\t\t\t\t<div class=\"slideshow_description_box slideshow_transparent\">\r\n\t\t\t\t\t\t<div class=\"slideshow_title\">65610415_1374767966004073_4215433581238943744_n<\/div>\t\t\t\t\t\t\t\t\t\t\t<\/div>\r\n\t\t\t\t<\/div>\r\n\r\n\t\t\t\t\t\t<div style=\"clear: both;\"><\/div><\/div><div class=\"slideshow_view\">\r\n\t\t\t\t<div class=\"slideshow_slide slideshow_slide_image\">\r\n\t\t\t\t\t\t\t\t\t\t\t<img src=\"https:\/\/agora.xtec.cat\/iesdecelra\/wp-content\/uploads\/usu1789\/2019\/07\/65545161_1374767846004085_3374137934214070272_n.jpg\" alt=\"65545161_1374767846004085_3374137934214070272_n\" width=\"960\" height=\"720\" \/>\r\n\t\t\t\t\t\t\t\t\t\t<div class=\"slideshow_description_box slideshow_transparent\">\r\n\t\t\t\t\t\t<div class=\"slideshow_title\">65545161_1374767846004085_3374137934214070272_n<\/div>\t\t\t\t\t\t\t\t\t\t\t<\/div>\r\n\t\t\t\t<\/div>\r\n\r\n\t\t\t\t\t\t<div style=\"clear: both;\"><\/div><\/div><div class=\"slideshow_view\">\r\n\t\t\t\t<div class=\"slideshow_slide slideshow_slide_image\">\r\n\t\t\t\t\t\t\t\t\t\t\t<img src=\"https:\/\/agora.xtec.cat\/iesdecelra\/wp-content\/uploads\/usu1789\/2019\/07\/La-casa-de-las-rosas.jpg\" alt=\"La casa de las rosas\" width=\"600\" height=\"960\" \/>\r\n\t\t\t\t\t\t\t\t\t\t<div class=\"slideshow_description_box slideshow_transparent\">\r\n\t\t\t\t\t\t<div class=\"slideshow_title\">La casa de las rosas<\/div>\t\t\t\t\t\t\t\t\t\t\t<\/div>\r\n\t\t\t\t<\/div>\r\n\r\n\t\t\t\t\t\t<div style=\"clear: both;\"><\/div><\/div><div class=\"slideshow_view\">\r\n\t\t\t\t<div class=\"slideshow_slide slideshow_slide_image\">\r\n\t\t\t\t\t\t\t\t\t\t\t<img src=\"https:\/\/agora.xtec.cat\/iesdecelra\/wp-content\/uploads\/usu1789\/2019\/07\/65736586_1374767859337417_8871366928275341312_n.jpg\" alt=\"65736586_1374767859337417_8871366928275341312_n\" width=\"960\" height=\"720\" \/>\r\n\t\t\t\t\t\t\t\t\t\t<div class=\"slideshow_description_box slideshow_transparent\">\r\n\t\t\t\t\t\t<div class=\"slideshow_title\">65736586_1374767859337417_8871366928275341312_n<\/div>\t\t\t\t\t\t\t\t\t\t\t<\/div>\r\n\t\t\t\t<\/div>\r\n\r\n\t\t\t\t\t\t<div style=\"clear: both;\"><\/div><\/div><div class=\"slideshow_view\">\r\n\t\t\t\t<div class=\"slideshow_slide slideshow_slide_image\">\r\n\t\t\t\t\t\t\t\t\t\t\t<img src=\"https:\/\/agora.xtec.cat\/iesdecelra\/wp-content\/uploads\/usu1789\/2019\/07\/65901730_1374767866004083_9100441126426378240_n.jpg\" alt=\"65901730_1374767866004083_9100441126426378240_n\" width=\"960\" height=\"720\" \/>\r\n\t\t\t\t\t\t\t\t\t\t<div class=\"slideshow_description_box slideshow_transparent\">\r\n\t\t\t\t\t\t<div class=\"slideshow_title\">65901730_1374767866004083_9100441126426378240_n<\/div>\t\t\t\t\t\t\t\t\t\t\t<\/div>\r\n\t\t\t\t<\/div>\r\n\r\n\t\t\t\t\t\t<div style=\"clear: both;\"><\/div><\/div>\r\n\t\t<\/div>\r\n\r\n\t\t<div class=\"slideshow_controlPanel slideshow_transparent\" style=\"display: none;\"><ul><li class=\"slideshow_togglePlay\" data-play-text=\"Visualitza\" data-pause-text=\"Pausa\"><\/li><\/ul><\/div>\r\n\r\n\t\t<div class=\"slideshow_button slideshow_previous slideshow_transparent\" role=\"button\" data-previous-text=\"Anterior\" style=\"display: none;\"><\/div>\r\n\t\t<div class=\"slideshow_button slideshow_next slideshow_transparent\" role=\"button\" data-next-text=\"Seg\u00fcent\" style=\"display: none;\"><\/div>\r\n\r\n\t\t<div class=\"slideshow_pagination\" style=\"display: none;\" data-go-to-text=\"V\u00e9s a la diapositiva\"><div class=\"slideshow_pagination_center\"><\/div><\/div>\r\n\r\n\t\t<!-- WordPress Slideshow Version 2.3.1 -->\r\n\r\n\t\t\t<\/div>\r\n\r\n<\/p>\n<p>&nbsp;<\/p>\n","protected":false},"excerpt":{"rendered":"<p>La Maria Fontan\u00e9, exalumna de l&#8217;Institut de Celr\u00e0, ha publicat un llibre de relats de terror titulat La casa de las rosas y otros cuentos macabros a la col\u00b7lecci\u00f3 Narrativa de LC Ediciones. La seva germana, que tamb\u00e9 va ser estudiant del centre, la N\u00faria&hellip;  <a href=\"https:\/\/agora.xtec.cat\/iesdecelra\/actualitat\/la-casa-de-las-rosas-y-otros-cuentos-macabros\/\" title=\"Read LA CASA DE LAS ROSAS Y OTROS CUENTOS MACABROS\">Llegeix m\u00e9s\u00bb<\/a><\/p>\n","protected":false},"author":1,"featured_media":2363,"comment_status":"open","ping_status":"closed","sticky":false,"template":"","format":"standard","meta":{"_bbp_topic_count":0,"_bbp_reply_count":0,"_bbp_total_topic_count":0,"_bbp_total_reply_count":0,"_bbp_voice_count":0,"_bbp_anonymous_reply_count":0,"_bbp_topic_count_hidden":0,"_bbp_reply_count_hidden":0,"_bbp_forum_subforum_count":0,"footnotes":""},"categories":[103],"tags":[117,174],"class_list":["post-2359","post","type-post","status-publish","format-standard","has-post-thumbnail","hentry","category-actualitat","tag-curs-2018-2019","tag-departament-de-castella"],"post_mailing_queue_ids":[],"_links":{"self":[{"href":"https:\/\/agora.xtec.cat\/iesdecelra\/wp-json\/wp\/v2\/posts\/2359","targetHints":{"allow":["GET"]}}],"collection":[{"href":"https:\/\/agora.xtec.cat\/iesdecelra\/wp-json\/wp\/v2\/posts"}],"about":[{"href":"https:\/\/agora.xtec.cat\/iesdecelra\/wp-json\/wp\/v2\/types\/post"}],"author":[{"embeddable":true,"href":"https:\/\/agora.xtec.cat\/iesdecelra\/wp-json\/wp\/v2\/users\/1"}],"replies":[{"embeddable":true,"href":"https:\/\/agora.xtec.cat\/iesdecelra\/wp-json\/wp\/v2\/comments?post=2359"}],"version-history":[{"count":2,"href":"https:\/\/agora.xtec.cat\/iesdecelra\/wp-json\/wp\/v2\/posts\/2359\/revisions"}],"predecessor-version":[{"id":2367,"href":"https:\/\/agora.xtec.cat\/iesdecelra\/wp-json\/wp\/v2\/posts\/2359\/revisions\/2367"}],"wp:featuredmedia":[{"embeddable":true,"href":"https:\/\/agora.xtec.cat\/iesdecelra\/wp-json\/wp\/v2\/media\/2363"}],"wp:attachment":[{"href":"https:\/\/agora.xtec.cat\/iesdecelra\/wp-json\/wp\/v2\/media?parent=2359"}],"wp:term":[{"taxonomy":"category","embeddable":true,"href":"https:\/\/agora.xtec.cat\/iesdecelra\/wp-json\/wp\/v2\/categories?post=2359"},{"taxonomy":"post_tag","embeddable":true,"href":"https:\/\/agora.xtec.cat\/iesdecelra\/wp-json\/wp\/v2\/tags?post=2359"}],"curies":[{"name":"wp","href":"https:\/\/api.w.org\/{rel}","templated":true}]}}