{"id":2356,"date":"2019-07-05T19:46:02","date_gmt":"2019-07-05T17:46:02","guid":{"rendered":"http:\/\/agora.xtec.cat\/iesdecelra\/?p=2356"},"modified":"2019-07-05T19:47:36","modified_gmt":"2019-07-05T17:47:36","slug":"mediar-es-conviure","status":"publish","type":"post","link":"https:\/\/agora.xtec.cat\/iesdecelra\/general\/mediar-es-conviure\/","title":{"rendered":"MEDIAR \u00c9S CONVIURE"},"content":{"rendered":"<p style=\"text-align: justify;\">Segurament, alguna vegada a la nostra vida hem estat v\u00edctimes d\u2019una baralla a l\u2019institut. Una baralla d\u2019aquelles que duren tot un pati i tothom s\u2019ajunta per mirar-la. Una baralla on no fa falta picar per fer mal, sin\u00f3 els insults. Potser les baralles han canviat, per\u00f2 podem dir que la gent \u00e9s m\u00e9s pac\u00edfica? Hi ha moltes baralles a l\u2019institut?<\/p>\n<p style=\"text-align: justify;\">En els darrers anys a l\u2019institut de Celr\u00e0 han disminu\u00eft les baralles, i per aix\u00f2 escric aix\u00f2. Per qu\u00e8 ja no n\u2019hi ha tantes? La resposta \u00e9s molt senzilla: gr\u00e0cies a la Mediaci\u00f3 escolar. Sembla estrany que la Mediaci\u00f3 pugui arribar a ajudar tanta gent, per\u00f2 cada dia es va fent m\u00e9s realitat. Tant professors com alumnes hi participen, i es duen a terme activitats que afavoreixen el respecte entre tots i tamb\u00e9 activitats on es treballa l\u2019empatia per poder saber com se sent l\u2019altra persona i poder arribar a un acord. La Mediaci\u00f3 \u00e9s m\u00e9s important del que ens pensem, ja que \u00e9s essencial per sobreviure.<\/p>\n<p style=\"text-align: justify;\">Penso que \u00e9s molt important que els alumnes, i no nom\u00e9s els professors, puguin ser capa\u00e7os de solucionar conflictes a l\u2019aula i al pati. \u00c9s una mostra de responsabilitat i maduresa, per\u00f2 sobretot de conviv\u00e8ncia. Recordem que l\u2019institut \u00e9s un lloc on es va a aprendre i a respectar, no a barallar-se i a humiliar els altres.<\/p>\n<p style=\"text-align: right;\">Victoria D\u00e1vila Bernal<\/p>\n<p><strong>\u00a0<\/strong><\/p>\n","protected":false},"excerpt":{"rendered":"<p>Segurament, alguna vegada a la nostra vida hem estat v\u00edctimes d\u2019una baralla a l\u2019institut. Una baralla d\u2019aquelles que duren tot un pati i tothom s\u2019ajunta per mirar-la. Una baralla on no fa falta picar per fer mal, sin\u00f3 els insults. Potser les baralles han canviat,&hellip;  <a href=\"https:\/\/agora.xtec.cat\/iesdecelra\/general\/mediar-es-conviure\/\" title=\"Read MEDIAR \u00c9S CONVIURE\">Llegeix m\u00e9s\u00bb<\/a><\/p>\n","protected":false},"author":1,"featured_media":2358,"comment_status":"open","ping_status":"closed","sticky":false,"template":"","format":"standard","meta":{"_bbp_topic_count":0,"_bbp_reply_count":0,"_bbp_total_topic_count":0,"_bbp_total_reply_count":0,"_bbp_voice_count":0,"_bbp_anonymous_reply_count":0,"_bbp_topic_count_hidden":0,"_bbp_reply_count_hidden":0,"_bbp_forum_subforum_count":0,"footnotes":""},"categories":[182,1],"tags":[233,117,213,234],"class_list":["post-2356","post","type-post","status-publish","format-standard","has-post-thumbnail","hentry","category-aparador-de-textos","category-general","tag-3r-deso","tag-curs-2018-2019","tag-llengua-catalana","tag-text-dopinio"],"post_mailing_queue_ids":[],"_links":{"self":[{"href":"https:\/\/agora.xtec.cat\/iesdecelra\/wp-json\/wp\/v2\/posts\/2356","targetHints":{"allow":["GET"]}}],"collection":[{"href":"https:\/\/agora.xtec.cat\/iesdecelra\/wp-json\/wp\/v2\/posts"}],"about":[{"href":"https:\/\/agora.xtec.cat\/iesdecelra\/wp-json\/wp\/v2\/types\/post"}],"author":[{"embeddable":true,"href":"https:\/\/agora.xtec.cat\/iesdecelra\/wp-json\/wp\/v2\/users\/1"}],"replies":[{"embeddable":true,"href":"https:\/\/agora.xtec.cat\/iesdecelra\/wp-json\/wp\/v2\/comments?post=2356"}],"version-history":[{"count":1,"href":"https:\/\/agora.xtec.cat\/iesdecelra\/wp-json\/wp\/v2\/posts\/2356\/revisions"}],"predecessor-version":[{"id":2357,"href":"https:\/\/agora.xtec.cat\/iesdecelra\/wp-json\/wp\/v2\/posts\/2356\/revisions\/2357"}],"wp:featuredmedia":[{"embeddable":true,"href":"https:\/\/agora.xtec.cat\/iesdecelra\/wp-json\/wp\/v2\/media\/2358"}],"wp:attachment":[{"href":"https:\/\/agora.xtec.cat\/iesdecelra\/wp-json\/wp\/v2\/media?parent=2356"}],"wp:term":[{"taxonomy":"category","embeddable":true,"href":"https:\/\/agora.xtec.cat\/iesdecelra\/wp-json\/wp\/v2\/categories?post=2356"},{"taxonomy":"post_tag","embeddable":true,"href":"https:\/\/agora.xtec.cat\/iesdecelra\/wp-json\/wp\/v2\/tags?post=2356"}],"curies":[{"name":"wp","href":"https:\/\/api.w.org\/{rel}","templated":true}]}}