{"id":2328,"date":"2019-06-21T07:58:48","date_gmt":"2019-06-21T05:58:48","guid":{"rendered":"http:\/\/agora.xtec.cat\/iesdecelra\/?p=2328"},"modified":"2019-06-21T07:58:48","modified_gmt":"2019-06-21T05:58:48","slug":"bicicletada-pel-ter-i-les-gavarres","status":"publish","type":"post","link":"https:\/\/agora.xtec.cat\/iesdecelra\/cursos\/eso\/eso-1\/bicicletada-pel-ter-i-les-gavarres\/","title":{"rendered":"BICICLETADA PEL TER I LES GAVARRES"},"content":{"rendered":"<p>Una de les activitats del Treball de S\u00edntesi de 1r d&#8217;ESO \u00e9s la bicicletada per l&#8217;entorn del centre: illa dels Salzes, Polvor\u00ed, Bordils, Jui\u00e0&#8230; L&#8217;activitat, que ja est\u00e0 ben consolidada, permet acostar-nos a l&#8217;entorn i gaudir d&#8217;un bon mat\u00ed tot pedalant. A m\u00e9s, volem agrair la col\u00b7laboraci\u00f3 d&#8217;en Cesc Compte de l&#8217;empresa Sorbus per totes les explicacions que ens va fer de la flora i fauna de Ter i Gavarres.<\/p>\n<p>Us adjuntem un v\u00eddeo que resumeix amb imatges els dos dies de sortida.<\/p>\n<p><iframe loading=\"lazy\" title=\"BICICLETADA 2019\" width=\"500\" height=\"281\" src=\"https:\/\/www.youtube.com\/embed\/KPV5boplPe4?feature=oembed\" frameborder=\"0\" allow=\"accelerometer; autoplay; clipboard-write; encrypted-media; gyroscope; picture-in-picture; web-share\" referrerpolicy=\"strict-origin-when-cross-origin\" allowfullscreen><\/iframe><\/p>\n<p>&nbsp;<\/p>\n<p>&nbsp;<\/p>\n","protected":false},"excerpt":{"rendered":"<p>Una de les activitats del Treball de S\u00edntesi de 1r d&#8217;ESO \u00e9s la bicicletada per l&#8217;entorn del centre: illa dels Salzes, Polvor\u00ed, Bordils, Jui\u00e0&#8230; L&#8217;activitat, que ja est\u00e0 ben consolidada, permet acostar-nos a l&#8217;entorn i gaudir d&#8217;un bon mat\u00ed tot pedalant. A m\u00e9s, volem agrair&hellip;  <a href=\"https:\/\/agora.xtec.cat\/iesdecelra\/cursos\/eso\/eso-1\/bicicletada-pel-ter-i-les-gavarres\/\" title=\"Read BICICLETADA PEL TER I LES GAVARRES\">Llegeix m\u00e9s\u00bb<\/a><\/p>\n","protected":false},"author":1,"featured_media":2329,"comment_status":"open","ping_status":"closed","sticky":false,"template":"","format":"standard","meta":{"_bbp_topic_count":0,"_bbp_reply_count":0,"_bbp_total_topic_count":0,"_bbp_total_reply_count":0,"_bbp_voice_count":0,"_bbp_anonymous_reply_count":0,"_bbp_topic_count_hidden":0,"_bbp_reply_count_hidden":0,"_bbp_forum_subforum_count":0,"footnotes":""},"categories":[103,4],"tags":[231,117,229],"class_list":["post-2328","post","type-post","status-publish","format-standard","has-post-thumbnail","hentry","category-actualitat","category-eso-1","tag-bicicletada","tag-curs-2018-2019","tag-treball-de-sintesi"],"post_mailing_queue_ids":[],"_links":{"self":[{"href":"https:\/\/agora.xtec.cat\/iesdecelra\/wp-json\/wp\/v2\/posts\/2328","targetHints":{"allow":["GET"]}}],"collection":[{"href":"https:\/\/agora.xtec.cat\/iesdecelra\/wp-json\/wp\/v2\/posts"}],"about":[{"href":"https:\/\/agora.xtec.cat\/iesdecelra\/wp-json\/wp\/v2\/types\/post"}],"author":[{"embeddable":true,"href":"https:\/\/agora.xtec.cat\/iesdecelra\/wp-json\/wp\/v2\/users\/1"}],"replies":[{"embeddable":true,"href":"https:\/\/agora.xtec.cat\/iesdecelra\/wp-json\/wp\/v2\/comments?post=2328"}],"version-history":[{"count":1,"href":"https:\/\/agora.xtec.cat\/iesdecelra\/wp-json\/wp\/v2\/posts\/2328\/revisions"}],"predecessor-version":[{"id":2330,"href":"https:\/\/agora.xtec.cat\/iesdecelra\/wp-json\/wp\/v2\/posts\/2328\/revisions\/2330"}],"wp:featuredmedia":[{"embeddable":true,"href":"https:\/\/agora.xtec.cat\/iesdecelra\/wp-json\/wp\/v2\/media\/2329"}],"wp:attachment":[{"href":"https:\/\/agora.xtec.cat\/iesdecelra\/wp-json\/wp\/v2\/media?parent=2328"}],"wp:term":[{"taxonomy":"category","embeddable":true,"href":"https:\/\/agora.xtec.cat\/iesdecelra\/wp-json\/wp\/v2\/categories?post=2328"},{"taxonomy":"post_tag","embeddable":true,"href":"https:\/\/agora.xtec.cat\/iesdecelra\/wp-json\/wp\/v2\/tags?post=2328"}],"curies":[{"name":"wp","href":"https:\/\/api.w.org\/{rel}","templated":true}]}}