{"id":2310,"date":"2019-06-18T22:57:14","date_gmt":"2019-06-18T20:57:14","guid":{"rendered":"http:\/\/agora.xtec.cat\/iesdecelra\/?p=2310"},"modified":"2019-06-18T22:57:14","modified_gmt":"2019-06-18T20:57:14","slug":"xavier-cortadellas-presenta-les-gavarres-a-1r-deso","status":"publish","type":"post","link":"https:\/\/agora.xtec.cat\/iesdecelra\/cursos\/eso\/eso-1\/xavier-cortadellas-presenta-les-gavarres-a-1r-deso\/","title":{"rendered":"XAVIER CORTADELLAS PRESENTA LES GAVARRES A 1r d&#8217;ESO"},"content":{"rendered":"<p style=\"text-align: justify;\">L&#8217;obertura del Treball de s\u00edntesi de 1r d&#8217;ESO va anar a c\u00e0rrec de Xavier Cortadellas, escriptor, editor i exprofessor de l&#8217;institut, que va fer una xerrada presentant les Gavarres i les seves llegendes.<\/p>\n<p style=\"text-align: justify;\">Aquest \u00e9s un resum de la xerrada escrit per la Greta Tarrida de 1rA. A continuaci\u00f3 tamb\u00e9 podeu trobar fotografiats els resums d&#8217;en Nil Pons, la Irene Geli o la C\u00e8lia Peris.<\/p>\n<table style=\"height: 141px;\" width=\"779\">\n<tbody>\n<tr>\n<td style=\"width: 776.667px;\">\n<p style=\"text-align: justify;\">Avui en Xavier Cortadellas ens ha fet una xerrada sobre les Gavarres, les seves llegendes i curiositats.<\/p>\n<p style=\"text-align: justify;\">Una de les curiositats que ens ha explicat \u00e9s la de les angulades. Les angulades s\u00f3n el meandres que fa el riu Ter al llarg del seu curs. Aquests revolts, en l&#8217;\u00e8poca de Franco, els feien servir per creuar el riu ja que l&#8217;aigua anava m\u00e9s a poc a poc i era m\u00e9s f\u00e0cil fugir cap al nord.<\/p>\n<p style=\"text-align: justify;\">Una de les llegendes \u00e9s la dels peixegets. Aquests animals diuen que venen del diable perqu\u00e8 quan es cremen deixen anar el seu ver\u00ed. La llegenda diu que una dona va anar amb el seu beb\u00e8 al riu a buscar aigua per cuinar i anava tan r\u00e0pid uqe no va veure que un peixeget (salamandra) li va entrar dins la galleda. Quan la mare escalfava l&#8217;aigua per fer la sopar, la salamandra va deixar anar el seu ver\u00ed. Tota la fam\u00edlia, menys el nad\u00f3 que dormia, es va enverinar amb la sopa. Un home que passava per all\u00e0 va sentir el beb\u00e8 plorar i, quan va entrar a la masia, es va trobar tota la fam\u00edlia morta.<\/p>\n<p style=\"text-align: justify;\">En Xavier ens ha explicat moltes altres llegendes i hist\u00f2ries sobre goges, diables i incendis de les Gavarres. Ha estat molt interessant i hem apr\u00e8s moltes coses sobre el nostre entorn m\u00e9s proper.<\/p>\n<\/td>\n<\/tr>\n<\/tbody>\n<\/table>\n<p>&nbsp;<\/p>\n<p>&nbsp;<\/p>\n<table style=\"height: 1540px; width: 1052px;\" width=\"877\">\n<tbody>\n<tr style=\"height: 511px;\">\n<td style=\"width: 347.778px; height: 511px;\">&nbsp;<\/p>\n<p><a href=\"https:\/\/agora.xtec.cat\/iesdecelra\/wp-content\/uploads\/usu1789\/2019\/06\/IMG_20190614_130626-e1560890708774.jpg\"><img loading=\"lazy\" decoding=\"async\" class=\"wp-image-2314 aligncenter\" src=\"https:\/\/agora.xtec.cat\/iesdecelra\/wp-content\/uploads\/usu1789\/2019\/06\/IMG_20190614_130626-e1560890708774-768x1024.jpg\" alt=\"\" width=\"334\" height=\"446\" srcset=\"https:\/\/agora.xtec.cat\/iesdecelra\/wp-content\/uploads\/usu1789\/2019\/06\/IMG_20190614_130626-e1560890708774-768x1024.jpg 768w, https:\/\/agora.xtec.cat\/iesdecelra\/wp-content\/uploads\/usu1789\/2019\/06\/IMG_20190614_130626-e1560890708774-225x300.jpg 225w\" sizes=\"auto, (max-width: 334px) 100vw, 334px\" \/><\/a><\/p>\n<p>&nbsp;<\/td>\n<td style=\"width: 350px; height: 511px;\"><a href=\"https:\/\/agora.xtec.cat\/iesdecelra\/wp-content\/uploads\/usu1789\/2019\/06\/IMG_20190614_130554-e1560890665636.jpg\"><img loading=\"lazy\" decoding=\"async\" class=\"wp-image-2312 aligncenter\" src=\"https:\/\/agora.xtec.cat\/iesdecelra\/wp-content\/uploads\/usu1789\/2019\/06\/IMG_20190614_130554-e1560890665636-768x1024.jpg\" alt=\"\" width=\"335\" height=\"446\" srcset=\"https:\/\/agora.xtec.cat\/iesdecelra\/wp-content\/uploads\/usu1789\/2019\/06\/IMG_20190614_130554-e1560890665636-768x1024.jpg 768w, https:\/\/agora.xtec.cat\/iesdecelra\/wp-content\/uploads\/usu1789\/2019\/06\/IMG_20190614_130554-e1560890665636-225x300.jpg 225w\" sizes=\"auto, (max-width: 335px) 100vw, 335px\" \/><\/a><\/td>\n<td style=\"width: 348.889px; height: 511px;\"><a href=\"https:\/\/agora.xtec.cat\/iesdecelra\/wp-content\/uploads\/usu1789\/2019\/06\/IMG_20190614_130603-e1560890688274.jpg\"><img loading=\"lazy\" decoding=\"async\" class=\"wp-image-2313 aligncenter\" src=\"https:\/\/agora.xtec.cat\/iesdecelra\/wp-content\/uploads\/usu1789\/2019\/06\/IMG_20190614_130603-e1560890688274-768x1024.jpg\" alt=\"\" width=\"334\" height=\"444\" srcset=\"https:\/\/agora.xtec.cat\/iesdecelra\/wp-content\/uploads\/usu1789\/2019\/06\/IMG_20190614_130603-e1560890688274-768x1024.jpg 768w, https:\/\/agora.xtec.cat\/iesdecelra\/wp-content\/uploads\/usu1789\/2019\/06\/IMG_20190614_130603-e1560890688274-225x300.jpg 225w\" sizes=\"auto, (max-width: 334px) 100vw, 334px\" \/><\/a><\/td>\n<\/tr>\n<tr style=\"height: 564px;\">\n<td style=\"width: 347.778px; height: 564px;\"><a href=\"https:\/\/agora.xtec.cat\/iesdecelra\/wp-content\/uploads\/usu1789\/2019\/06\/IMG_20190614_130640-e1560890738462.jpg\"><img loading=\"lazy\" decoding=\"async\" class=\"alignnone  wp-image-2315\" src=\"https:\/\/agora.xtec.cat\/iesdecelra\/wp-content\/uploads\/usu1789\/2019\/06\/IMG_20190614_130640-e1560890738462-768x1024.jpg\" alt=\"\" width=\"317\" height=\"423\" srcset=\"https:\/\/agora.xtec.cat\/iesdecelra\/wp-content\/uploads\/usu1789\/2019\/06\/IMG_20190614_130640-e1560890738462-768x1024.jpg 768w, https:\/\/agora.xtec.cat\/iesdecelra\/wp-content\/uploads\/usu1789\/2019\/06\/IMG_20190614_130640-e1560890738462-225x300.jpg 225w\" sizes=\"auto, (max-width: 317px) 100vw, 317px\" \/><\/a><\/td>\n<td style=\"width: 350px; height: 564px;\"><a href=\"https:\/\/agora.xtec.cat\/iesdecelra\/wp-content\/uploads\/usu1789\/2019\/06\/IMG_20190614_130652-e1560890771320.jpg\"><img loading=\"lazy\" decoding=\"async\" class=\"alignnone  wp-image-2316\" src=\"https:\/\/agora.xtec.cat\/iesdecelra\/wp-content\/uploads\/usu1789\/2019\/06\/IMG_20190614_130652-e1560890771320-768x1024.jpg\" alt=\"\" width=\"320\" height=\"428\" srcset=\"https:\/\/agora.xtec.cat\/iesdecelra\/wp-content\/uploads\/usu1789\/2019\/06\/IMG_20190614_130652-e1560890771320-768x1024.jpg 768w, https:\/\/agora.xtec.cat\/iesdecelra\/wp-content\/uploads\/usu1789\/2019\/06\/IMG_20190614_130652-e1560890771320-225x300.jpg 225w\" sizes=\"auto, (max-width: 320px) 100vw, 320px\" \/><\/a><\/td>\n<td style=\"width: 348.889px; height: 564px;\">\n<a href=\"https:\/\/agora.xtec.cat\/iesdecelra\/wp-content\/uploads\/usu1789\/2019\/06\/IMG_20190614_131142-e1560890801995.jpg\"><img loading=\"lazy\" decoding=\"async\" class=\"alignnone  wp-image-2317\" src=\"https:\/\/agora.xtec.cat\/iesdecelra\/wp-content\/uploads\/usu1789\/2019\/06\/IMG_20190614_131142-e1560890801995-768x1024.jpg\" alt=\"\" width=\"319\" height=\"426\" srcset=\"https:\/\/agora.xtec.cat\/iesdecelra\/wp-content\/uploads\/usu1789\/2019\/06\/IMG_20190614_131142-e1560890801995-768x1024.jpg 768w, https:\/\/agora.xtec.cat\/iesdecelra\/wp-content\/uploads\/usu1789\/2019\/06\/IMG_20190614_131142-e1560890801995-225x300.jpg 225w\" sizes=\"auto, (max-width: 319px) 100vw, 319px\" \/><\/a><\/td>\n<\/tr>\n<tr style=\"height: 465px;\">\n<td style=\"width: 347.778px; height: 465px;\">\n<a href=\"https:\/\/agora.xtec.cat\/iesdecelra\/wp-content\/uploads\/usu1789\/2019\/06\/IMG_20190614_131151-e1560890827876.jpg\"><img loading=\"lazy\" decoding=\"async\" class=\"alignnone  wp-image-2318\" src=\"https:\/\/agora.xtec.cat\/iesdecelra\/wp-content\/uploads\/usu1789\/2019\/06\/IMG_20190614_131151-e1560890827876-768x1024.jpg\" alt=\"\" width=\"346\" height=\"461\" srcset=\"https:\/\/agora.xtec.cat\/iesdecelra\/wp-content\/uploads\/usu1789\/2019\/06\/IMG_20190614_131151-e1560890827876-768x1024.jpg 768w, https:\/\/agora.xtec.cat\/iesdecelra\/wp-content\/uploads\/usu1789\/2019\/06\/IMG_20190614_131151-e1560890827876-225x300.jpg 225w\" sizes=\"auto, (max-width: 346px) 100vw, 346px\" \/><\/a><\/td>\n<td style=\"width: 350px; height: 465px;\"><a href=\"https:\/\/agora.xtec.cat\/iesdecelra\/wp-content\/uploads\/usu1789\/2019\/06\/IMG_20190614_131205-e1560890851193.jpg\"><img loading=\"lazy\" decoding=\"async\" class=\"alignnone  wp-image-2319\" src=\"https:\/\/agora.xtec.cat\/iesdecelra\/wp-content\/uploads\/usu1789\/2019\/06\/IMG_20190614_131205-e1560890851193-768x1024.jpg\" alt=\"\" width=\"318\" height=\"424\" srcset=\"https:\/\/agora.xtec.cat\/iesdecelra\/wp-content\/uploads\/usu1789\/2019\/06\/IMG_20190614_131205-e1560890851193-768x1024.jpg 768w, https:\/\/agora.xtec.cat\/iesdecelra\/wp-content\/uploads\/usu1789\/2019\/06\/IMG_20190614_131205-e1560890851193-225x300.jpg 225w\" sizes=\"auto, (max-width: 318px) 100vw, 318px\" \/><\/a><\/td>\n<td style=\"width: 348.889px; height: 465px;\"><a href=\"https:\/\/agora.xtec.cat\/iesdecelra\/wp-content\/uploads\/usu1789\/2019\/06\/IMG_20190614_131215-e1560890878678.jpg\"><img loading=\"lazy\" decoding=\"async\" class=\"alignnone  wp-image-2320\" src=\"https:\/\/agora.xtec.cat\/iesdecelra\/wp-content\/uploads\/usu1789\/2019\/06\/IMG_20190614_131215-e1560890878678-768x1024.jpg\" alt=\"\" width=\"321\" height=\"428\" srcset=\"https:\/\/agora.xtec.cat\/iesdecelra\/wp-content\/uploads\/usu1789\/2019\/06\/IMG_20190614_131215-e1560890878678-768x1024.jpg 768w, https:\/\/agora.xtec.cat\/iesdecelra\/wp-content\/uploads\/usu1789\/2019\/06\/IMG_20190614_131215-e1560890878678-225x300.jpg 225w\" sizes=\"auto, (max-width: 321px) 100vw, 321px\" \/><\/a><\/td>\n<\/tr>\n<\/tbody>\n<\/table>\n<p>&nbsp;<\/p>\n<p><a href=\"https:\/\/agora.xtec.cat\/iesdecelra\/wp-content\/uploads\/usu1789\/2019\/06\/IMG_20190613_091528.jpg\"><img loading=\"lazy\" decoding=\"async\" class=\"alignnone wp-image-2321\" src=\"https:\/\/agora.xtec.cat\/iesdecelra\/wp-content\/uploads\/usu1789\/2019\/06\/IMG_20190613_091528-1024x768.jpg\" alt=\"\" width=\"487\" height=\"365\" srcset=\"https:\/\/agora.xtec.cat\/iesdecelra\/wp-content\/uploads\/usu1789\/2019\/06\/IMG_20190613_091528-1024x768.jpg 1024w, https:\/\/agora.xtec.cat\/iesdecelra\/wp-content\/uploads\/usu1789\/2019\/06\/IMG_20190613_091528-300x225.jpg 300w, https:\/\/agora.xtec.cat\/iesdecelra\/wp-content\/uploads\/usu1789\/2019\/06\/IMG_20190613_091528-768x576.jpg 768w, https:\/\/agora.xtec.cat\/iesdecelra\/wp-content\/uploads\/usu1789\/2019\/06\/IMG_20190613_091528-200x150.jpg 200w\" sizes=\"auto, (max-width: 487px) 100vw, 487px\" \/><\/a> <a href=\"https:\/\/agora.xtec.cat\/iesdecelra\/wp-content\/uploads\/usu1789\/2019\/06\/IMG_20190613_090740.jpg\"><img loading=\"lazy\" decoding=\"async\" class=\"alignnone wp-image-2322\" src=\"https:\/\/agora.xtec.cat\/iesdecelra\/wp-content\/uploads\/usu1789\/2019\/06\/IMG_20190613_090740-1024x768.jpg\" alt=\"\" width=\"484\" height=\"363\" srcset=\"https:\/\/agora.xtec.cat\/iesdecelra\/wp-content\/uploads\/usu1789\/2019\/06\/IMG_20190613_090740-1024x768.jpg 1024w, https:\/\/agora.xtec.cat\/iesdecelra\/wp-content\/uploads\/usu1789\/2019\/06\/IMG_20190613_090740-300x225.jpg 300w, https:\/\/agora.xtec.cat\/iesdecelra\/wp-content\/uploads\/usu1789\/2019\/06\/IMG_20190613_090740-768x576.jpg 768w, https:\/\/agora.xtec.cat\/iesdecelra\/wp-content\/uploads\/usu1789\/2019\/06\/IMG_20190613_090740-200x150.jpg 200w\" sizes=\"auto, (max-width: 484px) 100vw, 484px\" \/><\/a><\/p>\n","protected":false},"excerpt":{"rendered":"<p>L&#8217;obertura del Treball de s\u00edntesi de 1r d&#8217;ESO va anar a c\u00e0rrec de Xavier Cortadellas, escriptor, editor i exprofessor de l&#8217;institut, que va fer una xerrada presentant les Gavarres i les seves llegendes.<br \/>\nAquest \u00e9s un resum de la xerrada escrit per la Greta Tarrida de&hellip;  <a href=\"https:\/\/agora.xtec.cat\/iesdecelra\/cursos\/eso\/eso-1\/xavier-cortadellas-presenta-les-gavarres-a-1r-deso\/\" title=\"Read XAVIER CORTADELLAS PRESENTA LES GAVARRES A 1r d&#8217;ESO\">Llegeix m\u00e9s\u00bb<\/a><\/p>\n","protected":false},"author":1,"featured_media":2322,"comment_status":"open","ping_status":"closed","sticky":false,"template":"","format":"standard","meta":{"_bbp_topic_count":0,"_bbp_reply_count":0,"_bbp_total_topic_count":0,"_bbp_total_reply_count":0,"_bbp_voice_count":0,"_bbp_anonymous_reply_count":0,"_bbp_topic_count_hidden":0,"_bbp_reply_count_hidden":0,"_bbp_forum_subforum_count":0,"footnotes":""},"categories":[103,182,4],"tags":[120,192,117,230,229],"class_list":["post-2310","post","type-post","status-publish","format-standard","has-post-thumbnail","hentry","category-actualitat","category-aparador-de-textos","category-eso-1","tag-1r-deso","tag-catala","tag-curs-2018-2019","tag-resum","tag-treball-de-sintesi"],"post_mailing_queue_ids":[],"_links":{"self":[{"href":"https:\/\/agora.xtec.cat\/iesdecelra\/wp-json\/wp\/v2\/posts\/2310","targetHints":{"allow":["GET"]}}],"collection":[{"href":"https:\/\/agora.xtec.cat\/iesdecelra\/wp-json\/wp\/v2\/posts"}],"about":[{"href":"https:\/\/agora.xtec.cat\/iesdecelra\/wp-json\/wp\/v2\/types\/post"}],"author":[{"embeddable":true,"href":"https:\/\/agora.xtec.cat\/iesdecelra\/wp-json\/wp\/v2\/users\/1"}],"replies":[{"embeddable":true,"href":"https:\/\/agora.xtec.cat\/iesdecelra\/wp-json\/wp\/v2\/comments?post=2310"}],"version-history":[{"count":2,"href":"https:\/\/agora.xtec.cat\/iesdecelra\/wp-json\/wp\/v2\/posts\/2310\/revisions"}],"predecessor-version":[{"id":2324,"href":"https:\/\/agora.xtec.cat\/iesdecelra\/wp-json\/wp\/v2\/posts\/2310\/revisions\/2324"}],"wp:featuredmedia":[{"embeddable":true,"href":"https:\/\/agora.xtec.cat\/iesdecelra\/wp-json\/wp\/v2\/media\/2322"}],"wp:attachment":[{"href":"https:\/\/agora.xtec.cat\/iesdecelra\/wp-json\/wp\/v2\/media?parent=2310"}],"wp:term":[{"taxonomy":"category","embeddable":true,"href":"https:\/\/agora.xtec.cat\/iesdecelra\/wp-json\/wp\/v2\/categories?post=2310"},{"taxonomy":"post_tag","embeddable":true,"href":"https:\/\/agora.xtec.cat\/iesdecelra\/wp-json\/wp\/v2\/tags?post=2310"}],"curies":[{"name":"wp","href":"https:\/\/api.w.org\/{rel}","templated":true}]}}