{"id":2220,"date":"2019-06-08T17:39:20","date_gmt":"2019-06-08T15:39:20","guid":{"rendered":"http:\/\/agora.xtec.cat\/iesdecelra\/?p=2220"},"modified":"2019-06-08T21:31:08","modified_gmt":"2019-06-08T19:31:08","slug":"4ta-guanyadors-del-mhm-student-awards","status":"publish","type":"post","link":"https:\/\/agora.xtec.cat\/iesdecelra\/cursos\/eso\/eso-4\/4ta-guanyadors-del-mhm-student-awards\/","title":{"rendered":"4tA GUANYADORS DEL MHM STUDENT AWARDS"},"content":{"rendered":"<p style=\"text-align: justify;\">Aquest mat\u00ed a la Farga de l&#8217;Hospitalet de Llobregat s&#8217;ha entregat al grup de 4tA el primer premi del <a href=\"http:\/\/mhm.mobileworldcapital.com\/\">Mobile History Maps<\/a> en la categoria de centres de secund\u00e0ria i dins del programa mSchools Student Awards per al seu projecte de CamINS contra el c\u00e0ncer.<\/p>\n<p style=\"text-align: justify;\">El reconeixement rebut \u00e9s molt merescut i ens fa estar molt orgullosos de tota la tasca feta durant aquests cursos a l&#8217;Institut i especialment aquest \u00faltim any amb el projecte de la caminada solid\u00e0ria. Moltes felicitats!<\/p>\n<p>Aquest \u00e9s el text que han preparat des del grup de 4tA per explicar-nos el seu projecte.<\/p>\n<table style=\"height: 806px;\" width=\"721\">\n<tbody>\n<tr>\n<td style=\"width: 715px;\">\n<p style=\"text-align: justify;\"><span style=\"font-weight: 400;\">Com ja sabeu, els alumnes de 4t A de l\u2019Institut de Celr\u00e0 van realitzar un projecte anomenat<\/span><b> CamINS contra el c\u00e0ncer<\/b><span style=\"font-weight: 400;\">. En aquest projecte transversal tant els alumnes com els organitzadors van treballar de valent per poder culminar aquesta activitat amb una caminada solid\u00e0ria que es va dur a terme en aquesta localitat el diumenge 12 de maig. Durant el per\u00edode de preparaci\u00f3, els alumnes van haver de rec\u00f3rrer el poble per dissenyar diferents rutes i localitzar els llocs d\u2019inter\u00e8s. Aleshores van sorgir dos recorreguts, un d\u2019ells m\u00e9s curt i accessible a tothom, i un altre de m\u00e9s llarg. El primer era apte per a fam\u00edlies que duien cotxets, gent amb mobilitat redu\u00efda\u2026 I l\u2019altre, en canvi, anava adre\u00e7at als m\u00e9s agosarats, i, per tant, era per a gent m\u00e9s preparada f\u00edsicament.<\/span><\/p>\n<p style=\"text-align: justify;\"><span style=\"font-weight: 400;\">Arran d\u2019aquesta idea inicial, que era preparar una caminada solid\u00e0ria per recaptar diners per a una entitat sense \u00e0nim de lucre, va sorgir la idea d\u2019elaborar un Mobile History Map (MHM). Doncs b\u00e9, com que els alumnes havien fet recerca d\u2019informaci\u00f3 dels llocs m\u00e9s importants del poble i l\u2019havien redactat i tradu\u00eft a diferents idiomes (catal\u00e0, castell\u00e0 i angl\u00e8s), es va pensar que seria una bona idea que aquesta informaci\u00f3 es pogu\u00e9s consultar des d\u2019una aplicaci\u00f3 del tel\u00e8fon m\u00f2bil el dia de la caminada solid\u00e0ria; i aix\u00f2 \u00e9s el que va fer. <\/span><\/p>\n<p style=\"text-align: justify;\"><span style=\"font-weight: 400;\">El dia de la caminada solid\u00e0ria, tots els participants disposaven d\u2019un tr\u00edptic on s\u2019explicaven les dues rutes, els diferents punts d\u2019inter\u00e8s i hi apareixia el codi QR; aix\u00ed que, amb el seu tel\u00e8fon m\u00f2bil, podien escoltar la informaci\u00f3 dels llocs importants de Celr\u00e0 en l\u2019idioma que desitgessin.<\/span><\/p>\n<p style=\"text-align: justify;\"><span style=\"font-weight: 400;\">Van ser moltes entitats i persones les que van col\u00b7laborar en fer realitat aquest projecte, i molt\u00edssima gent la que hi va participar. Els avis de Can Ponac i l\u2019Ajuntament de Celr\u00e0, per exemple, van ser importants contribuidors. Gr\u00e0cies a tots, vam poder recaptar una quantitat considerable de diners, i es va decidir destinar tots aquests beneficis a l\u2019Oncolliga. <\/span><\/p>\n<p style=\"text-align: justify;\"><span style=\"font-weight: 400;\">Finalment, va sorgir l\u2019oportunitat de presentar aquest MHM al Concurs Student Awars, al programa mSchools. La gran sorpersa ha estat quan ens han comunicat que el nostre centre ha quedat finalista i, \u00a0aquest dissabte 8 de juny, tant els docents com els alumnes hauran d\u2019anar a La Farga, d\u2019Hospitalet de Llobregat, per explicar tota la tasca que s\u2019ha dut a terme. <\/span><\/p>\n<p style=\"text-align: justify;\">\n<\/td>\n<\/tr>\n<\/tbody>\n<\/table>\n<p>&nbsp;<\/p>\n<p style=\"text-align: center;\">\r\n\t<div class=\"slideshow_container slideshow_container_style-light\" style=\"height: 300px; \" data-slideshow-id=\"2223\" data-style-name=\"style-light\" data-style-version=\"2.3.1\" >\r\n\r\n\t\t\t\t\t<div class=\"slideshow_loading_icon\"><\/div>\r\n\t\t\r\n\t\t<div class=\"slideshow_content\" style=\"display: none;\">\r\n\r\n\t\t\t<div class=\"slideshow_view\">\r\n\t\t\t\t<div class=\"slideshow_slide slideshow_slide_image\">\r\n\t\t\t\t\t\t\t\t\t\t\t<img src=\"https:\/\/agora.xtec.cat\/iesdecelra\/wp-content\/uploads\/usu1789\/2019\/06\/4a7f1e73-de50-43ac-9166-3a3cd11d035e.jpg\" alt=\"4a7f1e73-de50-43ac-9166-3a3cd11d035e\" width=\"1600\" height=\"1200\" \/>\r\n\t\t\t\t\t\t\t\t\t\t<div class=\"slideshow_description_box slideshow_transparent\">\r\n\t\t\t\t\t\t<div class=\"slideshow_title\">4a7f1e73-de50-43ac-9166-3a3cd11d035e<\/div>\t\t\t\t\t\t\t\t\t\t\t<\/div>\r\n\t\t\t\t<\/div>\r\n\r\n\t\t\t\t\t\t<div style=\"clear: both;\"><\/div><\/div><div class=\"slideshow_view\">\r\n\t\t\t\t<div class=\"slideshow_slide slideshow_slide_image\">\r\n\t\t\t\t\t\t\t\t\t\t\t<img src=\"https:\/\/agora.xtec.cat\/iesdecelra\/wp-content\/uploads\/usu1789\/2019\/06\/bc4af8eb-4bcc-4e28-bd35-35939a7f3e70.jpg\" alt=\"bc4af8eb-4bcc-4e28-bd35-35939a7f3e70\" width=\"1600\" height=\"900\" \/>\r\n\t\t\t\t\t\t\t\t\t\t<div class=\"slideshow_description_box slideshow_transparent\">\r\n\t\t\t\t\t\t<div class=\"slideshow_title\">bc4af8eb-4bcc-4e28-bd35-35939a7f3e70<\/div>\t\t\t\t\t\t\t\t\t\t\t<\/div>\r\n\t\t\t\t<\/div>\r\n\r\n\t\t\t\t\t\t<div style=\"clear: both;\"><\/div><\/div><div class=\"slideshow_view\">\r\n\t\t\t\t<div class=\"slideshow_slide slideshow_slide_image\">\r\n\t\t\t\t\t\t\t\t\t\t\t<img src=\"https:\/\/agora.xtec.cat\/iesdecelra\/wp-content\/uploads\/usu1789\/2019\/06\/b0b36b42-186d-4298-8e6b-508c1c817683.jpg\" alt=\"b0b36b42-186d-4298-8e6b-508c1c817683\" width=\"1416\" height=\"1062\" \/>\r\n\t\t\t\t\t\t\t\t\t\t<div class=\"slideshow_description_box slideshow_transparent\">\r\n\t\t\t\t\t\t<div class=\"slideshow_title\">b0b36b42-186d-4298-8e6b-508c1c817683<\/div>\t\t\t\t\t\t\t\t\t\t\t<\/div>\r\n\t\t\t\t<\/div>\r\n\r\n\t\t\t\t\t\t<div style=\"clear: both;\"><\/div><\/div><div class=\"slideshow_view\">\r\n\t\t\t\t<div class=\"slideshow_slide slideshow_slide_image\">\r\n\t\t\t\t\t\t\t\t\t\t\t<img src=\"https:\/\/agora.xtec.cat\/iesdecelra\/wp-content\/uploads\/usu1789\/2019\/06\/b0fe6086-428e-42ab-9592-e1f121f0bf83.jpg\" alt=\"b0fe6086-428e-42ab-9592-e1f121f0bf83\" width=\"1600\" height=\"1200\" \/>\r\n\t\t\t\t\t\t\t\t\t\t<div class=\"slideshow_description_box slideshow_transparent\">\r\n\t\t\t\t\t\t<div class=\"slideshow_title\">b0fe6086-428e-42ab-9592-e1f121f0bf83<\/div>\t\t\t\t\t\t\t\t\t\t\t<\/div>\r\n\t\t\t\t<\/div>\r\n\r\n\t\t\t\t\t\t<div style=\"clear: both;\"><\/div><\/div><div class=\"slideshow_view\">\r\n\t\t\t\t<div class=\"slideshow_slide slideshow_slide_image\">\r\n\t\t\t\t\t\t\t\t\t\t\t<img src=\"https:\/\/agora.xtec.cat\/iesdecelra\/wp-content\/uploads\/usu1789\/2019\/06\/87174f27-acd6-4f5d-bd84-fc3c872a5f49.jpg\" alt=\"87174f27-acd6-4f5d-bd84-fc3c872a5f49\" width=\"1600\" height=\"1200\" \/>\r\n\t\t\t\t\t\t\t\t\t\t<div class=\"slideshow_description_box slideshow_transparent\">\r\n\t\t\t\t\t\t<div class=\"slideshow_title\">87174f27-acd6-4f5d-bd84-fc3c872a5f49<\/div>\t\t\t\t\t\t\t\t\t\t\t<\/div>\r\n\t\t\t\t<\/div>\r\n\r\n\t\t\t\t\t\t<div style=\"clear: both;\"><\/div><\/div>\r\n\t\t<\/div>\r\n\r\n\t\t<div class=\"slideshow_controlPanel slideshow_transparent\" style=\"display: none;\"><ul><li class=\"slideshow_togglePlay\" data-play-text=\"Visualitza\" data-pause-text=\"Pausa\"><\/li><\/ul><\/div>\r\n\r\n\t\t<div class=\"slideshow_button slideshow_previous slideshow_transparent\" role=\"button\" data-previous-text=\"Anterior\" style=\"display: none;\"><\/div>\r\n\t\t<div class=\"slideshow_button slideshow_next slideshow_transparent\" role=\"button\" data-next-text=\"Seg\u00fcent\" style=\"display: none;\"><\/div>\r\n\r\n\t\t<div class=\"slideshow_pagination\" style=\"display: none;\" data-go-to-text=\"V\u00e9s a la diapositiva\"><div class=\"slideshow_pagination_center\"><\/div><\/div>\r\n\r\n\t\t<!-- WordPress Slideshow Version 2.3.1 -->\r\n\r\n\t\t\t<\/div>\r\n\r\n<\/p>\n","protected":false},"excerpt":{"rendered":"<p>Aquest mat\u00ed a la Farga de l&#8217;Hospitalet de Llobregat s&#8217;ha entregat al grup de 4tA el primer premi del <a href=\"http:\/\/mhm.mobileworldcapital.com\/\">Mobile History Maps<\/a> en la categoria de centres de secund\u00e0ria i dins del programa mSchools Student Awards per al seu projecte de CamINS contra el&hellip;  <a href=\"https:\/\/agora.xtec.cat\/iesdecelra\/cursos\/eso\/eso-4\/4ta-guanyadors-del-mhm-student-awards\/\" title=\"Read 4tA GUANYADORS DEL MHM STUDENT AWARDS\">Llegeix m\u00e9s\u00bb<\/a><\/p>\n","protected":false},"author":1,"featured_media":2221,"comment_status":"open","ping_status":"closed","sticky":false,"template":"","format":"standard","meta":{"_bbp_topic_count":0,"_bbp_reply_count":0,"_bbp_total_topic_count":0,"_bbp_total_reply_count":0,"_bbp_voice_count":0,"_bbp_anonymous_reply_count":0,"_bbp_topic_count_hidden":0,"_bbp_reply_count_hidden":0,"_bbp_forum_subforum_count":0,"footnotes":""},"categories":[103,218,7],"tags":[222,223,117,209],"class_list":["post-2220","post","type-post","status-publish","format-standard","has-post-thumbnail","hentry","category-actualitat","category-concursos-i-premis","category-eso-4","tag-4ta","tag-caminada-solidaria","tag-curs-2018-2019","tag-departament-de-tecnologia"],"post_mailing_queue_ids":[],"_links":{"self":[{"href":"https:\/\/agora.xtec.cat\/iesdecelra\/wp-json\/wp\/v2\/posts\/2220","targetHints":{"allow":["GET"]}}],"collection":[{"href":"https:\/\/agora.xtec.cat\/iesdecelra\/wp-json\/wp\/v2\/posts"}],"about":[{"href":"https:\/\/agora.xtec.cat\/iesdecelra\/wp-json\/wp\/v2\/types\/post"}],"author":[{"embeddable":true,"href":"https:\/\/agora.xtec.cat\/iesdecelra\/wp-json\/wp\/v2\/users\/1"}],"replies":[{"embeddable":true,"href":"https:\/\/agora.xtec.cat\/iesdecelra\/wp-json\/wp\/v2\/comments?post=2220"}],"version-history":[{"count":3,"href":"https:\/\/agora.xtec.cat\/iesdecelra\/wp-json\/wp\/v2\/posts\/2220\/revisions"}],"predecessor-version":[{"id":2230,"href":"https:\/\/agora.xtec.cat\/iesdecelra\/wp-json\/wp\/v2\/posts\/2220\/revisions\/2230"}],"wp:featuredmedia":[{"embeddable":true,"href":"https:\/\/agora.xtec.cat\/iesdecelra\/wp-json\/wp\/v2\/media\/2221"}],"wp:attachment":[{"href":"https:\/\/agora.xtec.cat\/iesdecelra\/wp-json\/wp\/v2\/media?parent=2220"}],"wp:term":[{"taxonomy":"category","embeddable":true,"href":"https:\/\/agora.xtec.cat\/iesdecelra\/wp-json\/wp\/v2\/categories?post=2220"},{"taxonomy":"post_tag","embeddable":true,"href":"https:\/\/agora.xtec.cat\/iesdecelra\/wp-json\/wp\/v2\/tags?post=2220"}],"curies":[{"name":"wp","href":"https:\/\/api.w.org\/{rel}","templated":true}]}}