{"id":2207,"date":"2019-06-07T14:26:01","date_gmt":"2019-06-07T12:26:01","guid":{"rendered":"http:\/\/agora.xtec.cat\/iesdecelra\/?p=2207"},"modified":"2019-06-07T14:31:46","modified_gmt":"2019-06-07T12:31:46","slug":"cursa-de-cotxes-aeropropulsats-1r-deso","status":"publish","type":"post","link":"https:\/\/agora.xtec.cat\/iesdecelra\/cursos\/eso\/eso-1\/cursa-de-cotxes-aeropropulsats-1r-deso\/","title":{"rendered":"CURSA DE COTXES AEROPROPULSATS 1r d&#8217;ESO"},"content":{"rendered":"<p>Dimarts passat es va celebrar la cursa de cotxes aeropropulsats com activitat de tancament del projecte de Tecnologia. Ens l&#8217;expliquen 3 alumnes de 1r d&#8217;ESO (en un text preparat a llengua catalana) i us adjuntem el v\u00eddeo-resum.<\/p>\n<p>&nbsp;<\/p>\n<h3 style=\"text-align: center;\"><strong>La gran cursa<\/strong><\/h3>\n<h5 style=\"text-align: center;\"><em>Com cada any, tornen a rodar<\/em><\/h5>\n<p style=\"text-align: justify;\">Dimarts 4 de juny es va fer la vuitena cursa de cotxes aeropropulsats. Els alumnes de 1r ESO, tots ells entusiasmats i bons mec\u00e0nics, van posar a prova les seves creacions: de simples ampolles d\u2019aigua a cotxes mel\u00f3.<\/p>\n<p style=\"text-align: justify;\">Els alumnes havien constru\u00eft, amb l\u2019ajuda dels professors de tecnologia, Esteve Corominas i Xavier Canyet, cotxes que s\u2019impulsaven a partir d\u2019una h\u00e8lice que feia girar un petit motor, i n\u2019havien de crear la base i les rodes.<\/p>\n<p style=\"text-align: justify;\">El torneig es dividia en setze curses. Tots els cotxes estaven en una taula, ordenats per n\u00fameros. Els n\u00fameros sortien aleat\u00f2riament, de tres en tres, de quatre en quatre o de cinc en cinc. Els dos primers passaven a l\u2019eliminat\u00f2ria seg\u00fcent, i aix\u00ed fins a arribar a les dues semifinals i a la final.<\/p>\n<p style=\"text-align: justify;\">A mesura que avan\u00e7ava el torneig, els nervis enva\u00efen cada vegada m\u00e9s els finalistes, conscients que a la propera cursa competirien amb els m\u00e9s r\u00e0pids. L\u2019\u00faltima cursa va ser la m\u00e9s emocionant de tot l\u2019esdeveniment.<\/p>\n<p style=\"text-align: justify;\">Despr\u00e9s d\u2019elogiar els participants, els professors van donar premis als dissenys m\u00e9s originals (un a cada classe, de la A a la F), al disseny m\u00e9s bonic i al cotxe m\u00e9s r\u00e0pid.<\/p>\n<p style=\"text-align: justify;\">Esperem que la propera edici\u00f3 sigui tan \u00e8pica com aquesta \u00faltima.<\/p>\n<p style=\"text-align: justify;\"><em>Lluc Coronel, A\u00efna Font i Maria Roca<\/em><\/p>\n<p>&nbsp;<\/p>\n<p><iframe loading=\"lazy\" title=\"Cursa de cotxes aeropropulsats\" width=\"500\" height=\"281\" src=\"https:\/\/www.youtube.com\/embed\/KWWiCgrWQk8?feature=oembed\" frameborder=\"0\" allow=\"accelerometer; autoplay; clipboard-write; encrypted-media; gyroscope; picture-in-picture; web-share\" referrerpolicy=\"strict-origin-when-cross-origin\" allowfullscreen><\/iframe><\/p>\n<p>&nbsp;<\/p>\n","protected":false},"excerpt":{"rendered":"<p>Dimarts passat es va celebrar la cursa de cotxes aeropropulsats com activitat de tancament del projecte de Tecnologia. Ens l&#8217;expliquen 3 alumnes de 1r d&#8217;ESO (en un text preparat a llengua catalana) i us adjuntem el v\u00eddeo-resum.<br \/>\n&nbsp;<br \/>\nLa gran cursa<br \/>\nCom cada any, tornen a rodar<br \/>\nDimarts 4&hellip;  <a href=\"https:\/\/agora.xtec.cat\/iesdecelra\/cursos\/eso\/eso-1\/cursa-de-cotxes-aeropropulsats-1r-deso\/\" title=\"Read CURSA DE COTXES AEROPROPULSATS 1r d&#8217;ESO\">Llegeix m\u00e9s\u00bb<\/a><\/p>\n","protected":false},"author":1,"featured_media":2210,"comment_status":"open","ping_status":"closed","sticky":false,"template":"","format":"standard","meta":{"_bbp_topic_count":0,"_bbp_reply_count":0,"_bbp_total_topic_count":0,"_bbp_total_reply_count":0,"_bbp_voice_count":0,"_bbp_anonymous_reply_count":0,"_bbp_topic_count_hidden":0,"_bbp_reply_count_hidden":0,"_bbp_forum_subforum_count":0,"footnotes":""},"categories":[103,182,4],"tags":[120,192,117,209,213,220],"class_list":["post-2207","post","type-post","status-publish","format-standard","has-post-thumbnail","hentry","category-actualitat","category-aparador-de-textos","category-eso-1","tag-1r-deso","tag-catala","tag-curs-2018-2019","tag-departament-de-tecnologia","tag-llengua-catalana","tag-noticia-cronica"],"post_mailing_queue_ids":[],"_links":{"self":[{"href":"https:\/\/agora.xtec.cat\/iesdecelra\/wp-json\/wp\/v2\/posts\/2207","targetHints":{"allow":["GET"]}}],"collection":[{"href":"https:\/\/agora.xtec.cat\/iesdecelra\/wp-json\/wp\/v2\/posts"}],"about":[{"href":"https:\/\/agora.xtec.cat\/iesdecelra\/wp-json\/wp\/v2\/types\/post"}],"author":[{"embeddable":true,"href":"https:\/\/agora.xtec.cat\/iesdecelra\/wp-json\/wp\/v2\/users\/1"}],"replies":[{"embeddable":true,"href":"https:\/\/agora.xtec.cat\/iesdecelra\/wp-json\/wp\/v2\/comments?post=2207"}],"version-history":[{"count":1,"href":"https:\/\/agora.xtec.cat\/iesdecelra\/wp-json\/wp\/v2\/posts\/2207\/revisions"}],"predecessor-version":[{"id":2209,"href":"https:\/\/agora.xtec.cat\/iesdecelra\/wp-json\/wp\/v2\/posts\/2207\/revisions\/2209"}],"wp:featuredmedia":[{"embeddable":true,"href":"https:\/\/agora.xtec.cat\/iesdecelra\/wp-json\/wp\/v2\/media\/2210"}],"wp:attachment":[{"href":"https:\/\/agora.xtec.cat\/iesdecelra\/wp-json\/wp\/v2\/media?parent=2207"}],"wp:term":[{"taxonomy":"category","embeddable":true,"href":"https:\/\/agora.xtec.cat\/iesdecelra\/wp-json\/wp\/v2\/categories?post=2207"},{"taxonomy":"post_tag","embeddable":true,"href":"https:\/\/agora.xtec.cat\/iesdecelra\/wp-json\/wp\/v2\/tags?post=2207"}],"curies":[{"name":"wp","href":"https:\/\/api.w.org\/{rel}","templated":true}]}}