{"id":2195,"date":"2019-06-05T12:08:34","date_gmt":"2019-06-05T10:08:34","guid":{"rendered":"http:\/\/agora.xtec.cat\/iesdecelra\/?p=2195"},"modified":"2019-06-06T09:57:44","modified_gmt":"2019-06-06T07:57:44","slug":"mites-de-la-plantes","status":"publish","type":"post","link":"https:\/\/agora.xtec.cat\/iesdecelra\/cursos\/eso\/eso-3\/mites-de-la-plantes\/","title":{"rendered":"MITES DE LES PLANTES"},"content":{"rendered":"<p>El divendres 31 de maig els alumnes de 3r A i els de l&#8217;optativa de Cultura Cl\u00e0ssica v\u00e0rem sortir al bosc proper a l&#8217;Institut a la recerca dels arbres i plantes en qu\u00e8, segons els versos del poeta llat\u00ed Ovidi, es van transformar Dafne, Siringa, Cyparissus, Adonis&#8230; \u00e9s a dir: el llorer, les canyes de riu, el xiprer, la morera, l&#8217;anemone, etc. Tamb\u00e9 v\u00e0rem visitar el Parc de les Olors de Celr\u00e0 on la Laura Sitj\u00e0 ens va ensenyar els diferents tipus de plantes arom\u00e0tiques i medicinals que conreen en aquest bonic paratge prop de la torre d&#8217;Esvern. Si hi aneu, no us perdeu el cam\u00ed sensorial que envolta el Parc!<\/p>\n<p><a href=\"https:\/\/agora.xtec.cat\/iesdecelra\/wp-content\/uploads\/usu1789\/2019\/06\/Captura-2.png\"><img loading=\"lazy\" decoding=\"async\" class=\"wp-image-2196 alignleft\" src=\"https:\/\/agora.xtec.cat\/iesdecelra\/wp-content\/uploads\/usu1789\/2019\/06\/Captura-2.png\" alt=\"\" width=\"395\" height=\"296\" srcset=\"https:\/\/agora.xtec.cat\/iesdecelra\/wp-content\/uploads\/usu1789\/2019\/06\/Captura-2.png 648w, https:\/\/agora.xtec.cat\/iesdecelra\/wp-content\/uploads\/usu1789\/2019\/06\/Captura-2-300x225.png 300w, https:\/\/agora.xtec.cat\/iesdecelra\/wp-content\/uploads\/usu1789\/2019\/06\/Captura-2-200x150.png 200w\" sizes=\"auto, (max-width: 395px) 100vw, 395px\" \/><\/a> <a href=\"https:\/\/agora.xtec.cat\/iesdecelra\/wp-content\/uploads\/usu1789\/2019\/06\/Captura-3.png\"><img loading=\"lazy\" decoding=\"async\" class=\"aligncenter wp-image-2197\" src=\"https:\/\/agora.xtec.cat\/iesdecelra\/wp-content\/uploads\/usu1789\/2019\/06\/Captura-3.png\" alt=\"\" width=\"393\" height=\"293\" srcset=\"https:\/\/agora.xtec.cat\/iesdecelra\/wp-content\/uploads\/usu1789\/2019\/06\/Captura-3.png 649w, https:\/\/agora.xtec.cat\/iesdecelra\/wp-content\/uploads\/usu1789\/2019\/06\/Captura-3-300x224.png 300w, https:\/\/agora.xtec.cat\/iesdecelra\/wp-content\/uploads\/usu1789\/2019\/06\/Captura-3-200x150.png 200w\" sizes=\"auto, (max-width: 393px) 100vw, 393px\" \/><\/a> <a href=\"https:\/\/agora.xtec.cat\/iesdecelra\/wp-content\/uploads\/usu1789\/2019\/06\/Captura.png\"><img loading=\"lazy\" decoding=\"async\" class=\"aligncenter wp-image-2198\" src=\"https:\/\/agora.xtec.cat\/iesdecelra\/wp-content\/uploads\/usu1789\/2019\/06\/Captura.png\" alt=\"\" width=\"448\" height=\"333\" srcset=\"https:\/\/agora.xtec.cat\/iesdecelra\/wp-content\/uploads\/usu1789\/2019\/06\/Captura.png 654w, https:\/\/agora.xtec.cat\/iesdecelra\/wp-content\/uploads\/usu1789\/2019\/06\/Captura-300x223.png 300w, https:\/\/agora.xtec.cat\/iesdecelra\/wp-content\/uploads\/usu1789\/2019\/06\/Captura-200x150.png 200w\" sizes=\"auto, (max-width: 448px) 100vw, 448px\" \/><\/a><\/p>\n","protected":false},"excerpt":{"rendered":"<p>El divendres 31 de maig els alumnes de 3r A i els de l&#8217;optativa de Cultura Cl\u00e0ssica v\u00e0rem sortir al bosc proper a l&#8217;Institut a la recerca dels arbres i plantes en qu\u00e8, segons els versos del poeta llat\u00ed Ovidi, es van transformar Dafne, Siringa,&hellip;  <a href=\"https:\/\/agora.xtec.cat\/iesdecelra\/cursos\/eso\/eso-3\/mites-de-la-plantes\/\" title=\"Read MITES DE LES PLANTES\">Llegeix m\u00e9s\u00bb<\/a><\/p>\n","protected":false},"author":1,"featured_media":2196,"comment_status":"closed","ping_status":"closed","sticky":false,"template":"","format":"standard","meta":{"_bbp_topic_count":0,"_bbp_reply_count":0,"_bbp_total_topic_count":0,"_bbp_total_reply_count":0,"_bbp_voice_count":0,"_bbp_anonymous_reply_count":0,"_bbp_topic_count_hidden":0,"_bbp_reply_count_hidden":0,"_bbp_forum_subforum_count":0,"footnotes":""},"categories":[103,6],"tags":[219,117,151],"class_list":["post-2195","post","type-post","status-publish","format-standard","has-post-thumbnail","hentry","category-actualitat","category-eso-3","tag-cultura-classica","tag-curs-2018-2019","tag-departament-de-ciencies-naturals"],"post_mailing_queue_ids":[],"_links":{"self":[{"href":"https:\/\/agora.xtec.cat\/iesdecelra\/wp-json\/wp\/v2\/posts\/2195","targetHints":{"allow":["GET"]}}],"collection":[{"href":"https:\/\/agora.xtec.cat\/iesdecelra\/wp-json\/wp\/v2\/posts"}],"about":[{"href":"https:\/\/agora.xtec.cat\/iesdecelra\/wp-json\/wp\/v2\/types\/post"}],"author":[{"embeddable":true,"href":"https:\/\/agora.xtec.cat\/iesdecelra\/wp-json\/wp\/v2\/users\/1"}],"replies":[{"embeddable":true,"href":"https:\/\/agora.xtec.cat\/iesdecelra\/wp-json\/wp\/v2\/comments?post=2195"}],"version-history":[{"count":2,"href":"https:\/\/agora.xtec.cat\/iesdecelra\/wp-json\/wp\/v2\/posts\/2195\/revisions"}],"predecessor-version":[{"id":2206,"href":"https:\/\/agora.xtec.cat\/iesdecelra\/wp-json\/wp\/v2\/posts\/2195\/revisions\/2206"}],"wp:featuredmedia":[{"embeddable":true,"href":"https:\/\/agora.xtec.cat\/iesdecelra\/wp-json\/wp\/v2\/media\/2196"}],"wp:attachment":[{"href":"https:\/\/agora.xtec.cat\/iesdecelra\/wp-json\/wp\/v2\/media?parent=2195"}],"wp:term":[{"taxonomy":"category","embeddable":true,"href":"https:\/\/agora.xtec.cat\/iesdecelra\/wp-json\/wp\/v2\/categories?post=2195"},{"taxonomy":"post_tag","embeddable":true,"href":"https:\/\/agora.xtec.cat\/iesdecelra\/wp-json\/wp\/v2\/tags?post=2195"}],"curies":[{"name":"wp","href":"https:\/\/api.w.org\/{rel}","templated":true}]}}