{"id":2185,"date":"2019-06-05T11:27:08","date_gmt":"2019-06-05T09:27:08","guid":{"rendered":"http:\/\/agora.xtec.cat\/iesdecelra\/?p=2185"},"modified":"2019-06-06T10:16:02","modified_gmt":"2019-06-06T08:16:02","slug":"torneig-provincial-de-rugbi","status":"publish","type":"post","link":"https:\/\/agora.xtec.cat\/iesdecelra\/actualitat\/torneig-provincial-de-rugbi\/","title":{"rendered":"TORNEIG PROVINCIAL DE RUGBI"},"content":{"rendered":"<p style=\"text-align: justify;\">El dissabte 1 de juny, a les instal\u00b7lacions de rugbi del GEIEG a Palau, es va celebrar una nova edici\u00f3 del Torneig provincial de interinstituts de rugbi.<\/p>\n<p style=\"text-align: justify;\">Aquest Torneig va dirigit a instituts de les comarques, de tal manera que els equips s\u00f3n d\u2019alumnes que han fet la seva iniciaci\u00f3 al rugbi a l\u2019institut i que, per tant, hi han jugat poques hores.\u00a0 S\u00f3n jugadors no federats. El Torneig es va realitzar des de les 11 fins a les 2\/4 de 2 , i es va fer un tercer temps al final per a tots els participants.<\/p>\n<p style=\"text-align: justify;\">De l&#8217;institut de Celr\u00e0 hi van participar 40 alumnes que competien amb alumnes de Sant Feliu de Gu\u00edxols, de Lloret de Mar, de l&#8217;Institut Ridaura de Platja d&#8217;Aro, dels Maristes de Girona, de l&#8217;Institut de Montilivi de Girona i de l&#8217;Institut de Cass\u00e0 de la Selva. En total hi havia 200 alumnes.La classificaci\u00f3 \u00e9s una de primer cicle, una de segon cicle de noies i una de segon cicle de nois.La representaci\u00f3 de l&#8217;institut va aconseguir una segona posici\u00f3 en l&#8217;equip mixte de 1r i 2n d&#8217;ESO, una primera posici\u00f3 en l&#8217;equip femen\u00ed de 3r i 4t d&#8217;ESO i una segona posici\u00f3 de l&#8217;equip mascul\u00ed de 3r i 4t d&#8217;ESO.<\/p>\n<p style=\"text-align: justify;\">Podeu accedir a l&#8217;\u00e0lbum de fotografies clicant sobre la imatge.<\/p>\n<p style=\"text-align: justify;\"><a href=\"https:\/\/photos.app.goo.gl\/xUFef4RZyLxfCrY28\"><img loading=\"lazy\" decoding=\"async\" class=\"alignnone size-large wp-image-2192\" src=\"https:\/\/agora.xtec.cat\/iesdecelra\/wp-content\/uploads\/usu1789\/2019\/06\/IMG-20190601-WA0057-1024x768.jpg\" alt=\"\" width=\"1024\" height=\"768\" srcset=\"https:\/\/agora.xtec.cat\/iesdecelra\/wp-content\/uploads\/usu1789\/2019\/06\/IMG-20190601-WA0057.jpg 1024w, https:\/\/agora.xtec.cat\/iesdecelra\/wp-content\/uploads\/usu1789\/2019\/06\/IMG-20190601-WA0057-300x225.jpg 300w, https:\/\/agora.xtec.cat\/iesdecelra\/wp-content\/uploads\/usu1789\/2019\/06\/IMG-20190601-WA0057-768x576.jpg 768w, https:\/\/agora.xtec.cat\/iesdecelra\/wp-content\/uploads\/usu1789\/2019\/06\/IMG-20190601-WA0057-200x150.jpg 200w\" sizes=\"auto, (max-width: 1024px) 100vw, 1024px\" \/><\/a><\/p>\n<p>&nbsp;<\/p>\n","protected":false},"excerpt":{"rendered":"<p>El dissabte 1 de juny, a les instal\u00b7lacions de rugbi del GEIEG a Palau, es va celebrar una nova edici\u00f3 del Torneig provincial de interinstituts de rugbi.<br \/>\nAquest Torneig va dirigit a instituts de les comarques, de tal manera que els equips s\u00f3n d\u2019alumnes que han&hellip;  <a href=\"https:\/\/agora.xtec.cat\/iesdecelra\/actualitat\/torneig-provincial-de-rugbi\/\" title=\"Read TORNEIG PROVINCIAL DE RUGBI\">Llegeix m\u00e9s\u00bb<\/a><\/p>\n","protected":false},"author":1,"featured_media":2191,"comment_status":"closed","ping_status":"closed","sticky":false,"template":"","format":"standard","meta":{"_bbp_topic_count":0,"_bbp_reply_count":0,"_bbp_total_topic_count":0,"_bbp_total_reply_count":0,"_bbp_voice_count":0,"_bbp_anonymous_reply_count":0,"_bbp_topic_count_hidden":0,"_bbp_reply_count_hidden":0,"_bbp_forum_subforum_count":0,"footnotes":""},"categories":[103],"tags":[117,134,181],"class_list":["post-2185","post","type-post","status-publish","format-standard","has-post-thumbnail","hentry","category-actualitat","tag-curs-2018-2019","tag-departament-deducacio-fisica","tag-rugbi"],"post_mailing_queue_ids":[],"_links":{"self":[{"href":"https:\/\/agora.xtec.cat\/iesdecelra\/wp-json\/wp\/v2\/posts\/2185","targetHints":{"allow":["GET"]}}],"collection":[{"href":"https:\/\/agora.xtec.cat\/iesdecelra\/wp-json\/wp\/v2\/posts"}],"about":[{"href":"https:\/\/agora.xtec.cat\/iesdecelra\/wp-json\/wp\/v2\/types\/post"}],"author":[{"embeddable":true,"href":"https:\/\/agora.xtec.cat\/iesdecelra\/wp-json\/wp\/v2\/users\/1"}],"replies":[{"embeddable":true,"href":"https:\/\/agora.xtec.cat\/iesdecelra\/wp-json\/wp\/v2\/comments?post=2185"}],"version-history":[{"count":2,"href":"https:\/\/agora.xtec.cat\/iesdecelra\/wp-json\/wp\/v2\/posts\/2185\/revisions"}],"predecessor-version":[{"id":2194,"href":"https:\/\/agora.xtec.cat\/iesdecelra\/wp-json\/wp\/v2\/posts\/2185\/revisions\/2194"}],"wp:featuredmedia":[{"embeddable":true,"href":"https:\/\/agora.xtec.cat\/iesdecelra\/wp-json\/wp\/v2\/media\/2191"}],"wp:attachment":[{"href":"https:\/\/agora.xtec.cat\/iesdecelra\/wp-json\/wp\/v2\/media?parent=2185"}],"wp:term":[{"taxonomy":"category","embeddable":true,"href":"https:\/\/agora.xtec.cat\/iesdecelra\/wp-json\/wp\/v2\/categories?post=2185"},{"taxonomy":"post_tag","embeddable":true,"href":"https:\/\/agora.xtec.cat\/iesdecelra\/wp-json\/wp\/v2\/tags?post=2185"}],"curies":[{"name":"wp","href":"https:\/\/api.w.org\/{rel}","templated":true}]}}