{"id":2142,"date":"2019-05-26T20:47:58","date_gmt":"2019-05-26T18:47:58","guid":{"rendered":"http:\/\/agora.xtec.cat\/iesdecelra\/?p=2142"},"modified":"2019-05-26T20:47:58","modified_gmt":"2019-05-26T18:47:58","slug":"comiat-dels-alumnes-de-2n-de-batxillerat","status":"publish","type":"post","link":"https:\/\/agora.xtec.cat\/iesdecelra\/cursos\/batxillerat\/comiat-dels-alumnes-de-2n-de-batxillerat\/","title":{"rendered":"COMIAT DELS ALUMNES DE 2n DE BATXILLERAT"},"content":{"rendered":"<p>La graduaci\u00f3 de 2n de batxillerat \u00e9s un acte emotiu perqu\u00e8 acomiadem els alumnes que han estat 6 anys de la seva vida al nostre institut. Per\u00f2 no els diem adeu sin\u00f3 que volem dir-los fins aviat, a la que ser\u00e0 sempre casa seva.<\/p>\n<p>Podeu llegir el discurs de comiat escrit i llegit pel professor JMa Uy\u00e0 i tamb\u00e9 trobareu algunes fotos de la festa de comiat d&#8217;aquest divendres passat. <a href=\"https:\/\/drive.google.com\/file\/d\/113KuPIf9yF-o3czsKtlT_PyOvdbmrhWm\/view?usp=sharing\"><img loading=\"lazy\" decoding=\"async\" class=\" wp-image-2143 aligncenter\" src=\"https:\/\/agora.xtec.cat\/iesdecelra\/wp-content\/uploads\/usu1789\/2019\/05\/Captura-de-pantalla-2019-05-26-a-les-19.53.08.png\" alt=\"\" width=\"372\" height=\"364\" srcset=\"https:\/\/agora.xtec.cat\/iesdecelra\/wp-content\/uploads\/usu1789\/2019\/05\/Captura-de-pantalla-2019-05-26-a-les-19.53.08.png 628w, https:\/\/agora.xtec.cat\/iesdecelra\/wp-content\/uploads\/usu1789\/2019\/05\/Captura-de-pantalla-2019-05-26-a-les-19.53.08-300x294.png 300w\" sizes=\"auto, (max-width: 372px) 100vw, 372px\" \/><\/a><\/p>\n<p>&nbsp;<\/p>\n<h5 style=\"text-align: center;\"><a href=\"https:\/\/photos.app.goo.gl\/gEGFcY6nt5zHo8Bw7\">\u00c0lbum de fografies<\/a><\/h5>\n","protected":false},"excerpt":{"rendered":"<p>La graduaci\u00f3 de 2n de batxillerat \u00e9s un acte emotiu perqu\u00e8 acomiadem els alumnes que han estat 6 anys de la seva vida al nostre institut. Per\u00f2 no els diem adeu sin\u00f3 que volem dir-los fins aviat, a la que ser\u00e0 sempre casa seva.<br \/>\nPodeu llegir&hellip;  <a href=\"https:\/\/agora.xtec.cat\/iesdecelra\/cursos\/batxillerat\/comiat-dels-alumnes-de-2n-de-batxillerat\/\" title=\"Read COMIAT DELS ALUMNES DE 2n DE BATXILLERAT\">Llegeix m\u00e9s\u00bb<\/a><\/p>\n","protected":false},"author":1,"featured_media":2143,"comment_status":"open","ping_status":"closed","sticky":false,"template":"","format":"standard","meta":{"_bbp_topic_count":0,"_bbp_reply_count":0,"_bbp_total_topic_count":0,"_bbp_total_reply_count":0,"_bbp_voice_count":0,"_bbp_anonymous_reply_count":0,"_bbp_topic_count_hidden":0,"_bbp_reply_count_hidden":0,"_bbp_forum_subforum_count":0,"footnotes":""},"categories":[103,8],"tags":[215,117],"class_list":["post-2142","post","type-post","status-publish","format-standard","has-post-thumbnail","hentry","category-actualitat","category-batxillerat","tag-comiat-2n-batxillerat","tag-curs-2018-2019"],"post_mailing_queue_ids":[],"_links":{"self":[{"href":"https:\/\/agora.xtec.cat\/iesdecelra\/wp-json\/wp\/v2\/posts\/2142","targetHints":{"allow":["GET"]}}],"collection":[{"href":"https:\/\/agora.xtec.cat\/iesdecelra\/wp-json\/wp\/v2\/posts"}],"about":[{"href":"https:\/\/agora.xtec.cat\/iesdecelra\/wp-json\/wp\/v2\/types\/post"}],"author":[{"embeddable":true,"href":"https:\/\/agora.xtec.cat\/iesdecelra\/wp-json\/wp\/v2\/users\/1"}],"replies":[{"embeddable":true,"href":"https:\/\/agora.xtec.cat\/iesdecelra\/wp-json\/wp\/v2\/comments?post=2142"}],"version-history":[{"count":3,"href":"https:\/\/agora.xtec.cat\/iesdecelra\/wp-json\/wp\/v2\/posts\/2142\/revisions"}],"predecessor-version":[{"id":2146,"href":"https:\/\/agora.xtec.cat\/iesdecelra\/wp-json\/wp\/v2\/posts\/2142\/revisions\/2146"}],"wp:featuredmedia":[{"embeddable":true,"href":"https:\/\/agora.xtec.cat\/iesdecelra\/wp-json\/wp\/v2\/media\/2143"}],"wp:attachment":[{"href":"https:\/\/agora.xtec.cat\/iesdecelra\/wp-json\/wp\/v2\/media?parent=2142"}],"wp:term":[{"taxonomy":"category","embeddable":true,"href":"https:\/\/agora.xtec.cat\/iesdecelra\/wp-json\/wp\/v2\/categories?post=2142"},{"taxonomy":"post_tag","embeddable":true,"href":"https:\/\/agora.xtec.cat\/iesdecelra\/wp-json\/wp\/v2\/tags?post=2142"}],"curies":[{"name":"wp","href":"https:\/\/api.w.org\/{rel}","templated":true}]}}