{"id":2086,"date":"2019-05-17T15:24:05","date_gmt":"2019-05-17T13:24:05","guid":{"rendered":"http:\/\/agora.xtec.cat\/iesdecelra\/?p=2086"},"modified":"2019-05-17T15:24:05","modified_gmt":"2019-05-17T13:24:05","slug":"visita-dels-alumnes-de-6e","status":"publish","type":"post","link":"https:\/\/agora.xtec.cat\/iesdecelra\/cursos\/eso\/eso-1\/visita-dels-alumnes-de-6e\/","title":{"rendered":"VISITA DELS ALUMNES DE 6\u00e8"},"content":{"rendered":"<p style=\"text-align: justify;\">Encara que el temps no acompanyi i no sembli mes de maig, ja s&#8217;est\u00e0 acostant el final de curs i, amb ell, el comiat dels alumnes de 4t d&#8217;ESO i 2n de Batxillerat i l&#8217;arribada de nous nois i noies.<\/p>\n<p style=\"text-align: justify;\">Hi ha uns 120 alumnes que ara estan fent 6\u00e8 i que ja tenen l&#8217;institut molt a prop. Tots ells ens van venir a con\u00e8ixer divendres passat. Els t\u00e8cnics de joventut van preparar-los unes activitats de coneixen\u00e7a prop del centre i, despr\u00e9s, van entrar a l&#8217;aula polivalent que va quedar plena de gom a gom; feia molt de goig!<\/p>\n<p style=\"text-align: justify;\">El director, en Pep Vila, els va donar la benvinguda i els delegats de 1r d&#8217;ESO (agra\u00efm la seva col\u00b7laboraci\u00f3!) els van explicar una mica com \u00e9s la vida de l&#8217;institut, els van ensenyar fotos de diferents moments del curs, van respondre preguntes&#8230; La jornada va acabar amb una gimcana per descobrir els espais del centre.<\/p>\n<p>Esperem que la visita serv\u00eds per fer fora els nervis i les pors!<\/p>\n<p>Podeu veure l&#8217;\u00e0lbum de fotografies clicant sobre la imatge.<\/p>\n<p><a href=\"https:\/\/photos.app.goo.gl\/W5yFxQDXUL2HZeU46\"><img loading=\"lazy\" decoding=\"async\" class=\"alignnone size-large wp-image-2087\" src=\"https:\/\/agora.xtec.cat\/iesdecelra\/wp-content\/uploads\/usu1789\/2019\/05\/IMG_20190510_111613-2-1024x768.jpg\" alt=\"\" width=\"1024\" height=\"768\" srcset=\"https:\/\/agora.xtec.cat\/iesdecelra\/wp-content\/uploads\/usu1789\/2019\/05\/IMG_20190510_111613-2-1024x768.jpg 1024w, https:\/\/agora.xtec.cat\/iesdecelra\/wp-content\/uploads\/usu1789\/2019\/05\/IMG_20190510_111613-2-300x225.jpg 300w, https:\/\/agora.xtec.cat\/iesdecelra\/wp-content\/uploads\/usu1789\/2019\/05\/IMG_20190510_111613-2-768x576.jpg 768w, https:\/\/agora.xtec.cat\/iesdecelra\/wp-content\/uploads\/usu1789\/2019\/05\/IMG_20190510_111613-2-200x150.jpg 200w\" sizes=\"auto, (max-width: 1024px) 100vw, 1024px\" \/><\/a><\/p>\n<p>&nbsp;<\/p>\n<p>&nbsp;<\/p>\n<p style=\"text-align: justify;\">\n<div><\/div>\n","protected":false},"excerpt":{"rendered":"<p>Encara que el temps no acompanyi i no sembli mes de maig, ja s&#8217;est\u00e0 acostant el final de curs i, amb ell, el comiat dels alumnes de 4t d&#8217;ESO i 2n de Batxillerat i l&#8217;arribada de nous nois i noies.<br \/>\nHi ha uns 120 alumnes que&hellip;  <a href=\"https:\/\/agora.xtec.cat\/iesdecelra\/cursos\/eso\/eso-1\/visita-dels-alumnes-de-6e\/\" title=\"Read VISITA DELS ALUMNES DE 6\u00e8\">Llegeix m\u00e9s\u00bb<\/a><\/p>\n","protected":false},"author":1,"featured_media":2088,"comment_status":"open","ping_status":"closed","sticky":false,"template":"","format":"standard","meta":{"_bbp_topic_count":0,"_bbp_reply_count":0,"_bbp_total_topic_count":0,"_bbp_total_reply_count":0,"_bbp_voice_count":0,"_bbp_anonymous_reply_count":0,"_bbp_topic_count_hidden":0,"_bbp_reply_count_hidden":0,"_bbp_forum_subforum_count":0,"footnotes":""},"categories":[103,4],"tags":[117,212],"class_list":["post-2086","post","type-post","status-publish","format-standard","has-post-thumbnail","hentry","category-actualitat","category-eso-1","tag-curs-2018-2019","tag-em-faig-gran"],"post_mailing_queue_ids":[],"_links":{"self":[{"href":"https:\/\/agora.xtec.cat\/iesdecelra\/wp-json\/wp\/v2\/posts\/2086","targetHints":{"allow":["GET"]}}],"collection":[{"href":"https:\/\/agora.xtec.cat\/iesdecelra\/wp-json\/wp\/v2\/posts"}],"about":[{"href":"https:\/\/agora.xtec.cat\/iesdecelra\/wp-json\/wp\/v2\/types\/post"}],"author":[{"embeddable":true,"href":"https:\/\/agora.xtec.cat\/iesdecelra\/wp-json\/wp\/v2\/users\/1"}],"replies":[{"embeddable":true,"href":"https:\/\/agora.xtec.cat\/iesdecelra\/wp-json\/wp\/v2\/comments?post=2086"}],"version-history":[{"count":1,"href":"https:\/\/agora.xtec.cat\/iesdecelra\/wp-json\/wp\/v2\/posts\/2086\/revisions"}],"predecessor-version":[{"id":2089,"href":"https:\/\/agora.xtec.cat\/iesdecelra\/wp-json\/wp\/v2\/posts\/2086\/revisions\/2089"}],"wp:featuredmedia":[{"embeddable":true,"href":"https:\/\/agora.xtec.cat\/iesdecelra\/wp-json\/wp\/v2\/media\/2088"}],"wp:attachment":[{"href":"https:\/\/agora.xtec.cat\/iesdecelra\/wp-json\/wp\/v2\/media?parent=2086"}],"wp:term":[{"taxonomy":"category","embeddable":true,"href":"https:\/\/agora.xtec.cat\/iesdecelra\/wp-json\/wp\/v2\/categories?post=2086"},{"taxonomy":"post_tag","embeddable":true,"href":"https:\/\/agora.xtec.cat\/iesdecelra\/wp-json\/wp\/v2\/tags?post=2086"}],"curies":[{"name":"wp","href":"https:\/\/api.w.org\/{rel}","templated":true}]}}