{"id":2070,"date":"2019-05-15T10:12:24","date_gmt":"2019-05-15T08:12:24","guid":{"rendered":"http:\/\/agora.xtec.cat\/iesdecelra\/?p=2070"},"modified":"2019-05-15T10:52:45","modified_gmt":"2019-05-15T08:52:45","slug":"mostra-de-teatre-de-blanes","status":"publish","type":"post","link":"https:\/\/agora.xtec.cat\/iesdecelra\/cursos\/eso\/eso-3\/mostra-de-teatre-de-blanes\/","title":{"rendered":"MOSTRA DE TEATRE"},"content":{"rendered":"<p>Des d&#8217;avui i fins divendres se celebra a Blanes la 26a edici\u00f3 de la Mostra de teatre d&#8217;instituts p\u00fablics de les comarques de Girona. Mig miler de persones, sumant alumnes, professors i monitors s\u00f3n a Blanes per oferir les obres que han estat assajant als respectius centres des que va comen\u00e7ar l\u2019actual curs 2018-2019. Sumen un total de 22 obres, que pertanyen a 16 centres gironins.\u00a0L&#8217;Institut de Celr\u00e0 hi participa amb els alumnes de les optatives de teatre de 3r i 4t d&#8217;ESO.<\/p>\n<p>Us adjuntem el fullet\u00f3 informatiu (per accedir-hi cliqueu sobre la imatge).<\/p>\n<p><a href=\"https:\/\/drive.google.com\/file\/d\/1rzvEP7znO6Neci3IRqT7aiiNbQPMTydp\/view?usp=sharing\"><img loading=\"lazy\" decoding=\"async\" class=\"alignnone size-full wp-image-2071\" src=\"https:\/\/agora.xtec.cat\/iesdecelra\/wp-content\/uploads\/usu1789\/2019\/05\/Captura-1.png\" alt=\"\" width=\"938\" height=\"655\" srcset=\"https:\/\/agora.xtec.cat\/iesdecelra\/wp-content\/uploads\/usu1789\/2019\/05\/Captura-1.png 938w, https:\/\/agora.xtec.cat\/iesdecelra\/wp-content\/uploads\/usu1789\/2019\/05\/Captura-1-300x209.png 300w, https:\/\/agora.xtec.cat\/iesdecelra\/wp-content\/uploads\/usu1789\/2019\/05\/Captura-1-768x536.png 768w\" sizes=\"auto, (max-width: 938px) 100vw, 938px\" \/><\/a><\/p>\n<p>&nbsp;<\/p>\n<p>&nbsp;<\/p>\n<p>&nbsp;<\/p>\n","protected":false},"excerpt":{"rendered":"<p>Des d&#8217;avui i fins divendres se celebra a Blanes la 26a edici\u00f3 de la Mostra de teatre d&#8217;instituts p\u00fablics de les comarques de Girona. Mig miler de persones, sumant alumnes, professors i monitors s\u00f3n a Blanes per oferir les obres que han estat assajant als&hellip;  <a href=\"https:\/\/agora.xtec.cat\/iesdecelra\/cursos\/eso\/eso-3\/mostra-de-teatre-de-blanes\/\" title=\"Read MOSTRA DE TEATRE\">Llegeix m\u00e9s\u00bb<\/a><\/p>\n","protected":false},"author":1,"featured_media":2072,"comment_status":"open","ping_status":"closed","sticky":false,"template":"","format":"standard","meta":{"_bbp_topic_count":0,"_bbp_reply_count":0,"_bbp_total_topic_count":0,"_bbp_total_reply_count":0,"_bbp_voice_count":0,"_bbp_anonymous_reply_count":0,"_bbp_topic_count_hidden":0,"_bbp_reply_count_hidden":0,"_bbp_forum_subforum_count":0,"footnotes":""},"categories":[103,6,7],"tags":[117,40],"class_list":["post-2070","post","type-post","status-publish","format-standard","has-post-thumbnail","hentry","category-actualitat","category-eso-3","category-eso-4","tag-curs-2018-2019","tag-teatre"],"post_mailing_queue_ids":[],"_links":{"self":[{"href":"https:\/\/agora.xtec.cat\/iesdecelra\/wp-json\/wp\/v2\/posts\/2070","targetHints":{"allow":["GET"]}}],"collection":[{"href":"https:\/\/agora.xtec.cat\/iesdecelra\/wp-json\/wp\/v2\/posts"}],"about":[{"href":"https:\/\/agora.xtec.cat\/iesdecelra\/wp-json\/wp\/v2\/types\/post"}],"author":[{"embeddable":true,"href":"https:\/\/agora.xtec.cat\/iesdecelra\/wp-json\/wp\/v2\/users\/1"}],"replies":[{"embeddable":true,"href":"https:\/\/agora.xtec.cat\/iesdecelra\/wp-json\/wp\/v2\/comments?post=2070"}],"version-history":[{"count":3,"href":"https:\/\/agora.xtec.cat\/iesdecelra\/wp-json\/wp\/v2\/posts\/2070\/revisions"}],"predecessor-version":[{"id":2079,"href":"https:\/\/agora.xtec.cat\/iesdecelra\/wp-json\/wp\/v2\/posts\/2070\/revisions\/2079"}],"wp:featuredmedia":[{"embeddable":true,"href":"https:\/\/agora.xtec.cat\/iesdecelra\/wp-json\/wp\/v2\/media\/2072"}],"wp:attachment":[{"href":"https:\/\/agora.xtec.cat\/iesdecelra\/wp-json\/wp\/v2\/media?parent=2070"}],"wp:term":[{"taxonomy":"category","embeddable":true,"href":"https:\/\/agora.xtec.cat\/iesdecelra\/wp-json\/wp\/v2\/categories?post=2070"},{"taxonomy":"post_tag","embeddable":true,"href":"https:\/\/agora.xtec.cat\/iesdecelra\/wp-json\/wp\/v2\/tags?post=2070"}],"curies":[{"name":"wp","href":"https:\/\/api.w.org\/{rel}","templated":true}]}}