{"id":2043,"date":"2019-05-14T09:44:26","date_gmt":"2019-05-14T07:44:26","guid":{"rendered":"http:\/\/agora.xtec.cat\/iesdecelra\/?p=2043"},"modified":"2019-05-14T09:45:05","modified_gmt":"2019-05-14T07:45:05","slug":"13-de-maig-de-2019","status":"publish","type":"post","link":"https:\/\/agora.xtec.cat\/iesdecelra\/general\/musica-de-la-setmana\/13-de-maig-de-2019\/","title":{"rendered":"13 de maig de 2019"},"content":{"rendered":"<p>Aquesta setmana, recollint una petici\u00f3 d&#8217;alumnes, sona a l&#8217;institut la can\u00e7\u00f3 <em>We didn&#8217;t start the fire<\/em> en una versi\u00f3 de l&#8217;original de Billy Joel.<\/p>\n<p><iframe loading=\"lazy\" title=\"Avengers: Endgame Cast Sings &quot;We Didn&#039;t Start the Fire&quot;\" width=\"500\" height=\"281\" src=\"https:\/\/www.youtube.com\/embed\/-onk-Qm7ATw?feature=oembed\" frameborder=\"0\" allow=\"accelerometer; autoplay; clipboard-write; encrypted-media; gyroscope; picture-in-picture; web-share\" referrerpolicy=\"strict-origin-when-cross-origin\" allowfullscreen><\/iframe><\/p>\n","protected":false},"excerpt":{"rendered":"<p>Aquesta setmana, recollint una petici\u00f3 d&#8217;alumnes, sona a l&#8217;institut la can\u00e7\u00f3 We didn&#8217;t start the fire en una versi\u00f3 de l&#8217;original de Billy Joel.<\/p>\n","protected":false},"author":1,"featured_media":0,"comment_status":"open","ping_status":"closed","sticky":false,"template":"","format":"standard","meta":{"_bbp_topic_count":0,"_bbp_reply_count":0,"_bbp_total_topic_count":0,"_bbp_total_reply_count":0,"_bbp_voice_count":0,"_bbp_anonymous_reply_count":0,"_bbp_topic_count_hidden":0,"_bbp_reply_count_hidden":0,"_bbp_forum_subforum_count":0,"footnotes":""},"categories":[122],"tags":[117,123],"class_list":["post-2043","post","type-post","status-publish","format-standard","hentry","category-musica-de-la-setmana","tag-curs-2018-2019","tag-musica-de-la-setmana"],"post_mailing_queue_ids":[],"_links":{"self":[{"href":"https:\/\/agora.xtec.cat\/iesdecelra\/wp-json\/wp\/v2\/posts\/2043","targetHints":{"allow":["GET"]}}],"collection":[{"href":"https:\/\/agora.xtec.cat\/iesdecelra\/wp-json\/wp\/v2\/posts"}],"about":[{"href":"https:\/\/agora.xtec.cat\/iesdecelra\/wp-json\/wp\/v2\/types\/post"}],"author":[{"embeddable":true,"href":"https:\/\/agora.xtec.cat\/iesdecelra\/wp-json\/wp\/v2\/users\/1"}],"replies":[{"embeddable":true,"href":"https:\/\/agora.xtec.cat\/iesdecelra\/wp-json\/wp\/v2\/comments?post=2043"}],"version-history":[{"count":1,"href":"https:\/\/agora.xtec.cat\/iesdecelra\/wp-json\/wp\/v2\/posts\/2043\/revisions"}],"predecessor-version":[{"id":2044,"href":"https:\/\/agora.xtec.cat\/iesdecelra\/wp-json\/wp\/v2\/posts\/2043\/revisions\/2044"}],"wp:attachment":[{"href":"https:\/\/agora.xtec.cat\/iesdecelra\/wp-json\/wp\/v2\/media?parent=2043"}],"wp:term":[{"taxonomy":"category","embeddable":true,"href":"https:\/\/agora.xtec.cat\/iesdecelra\/wp-json\/wp\/v2\/categories?post=2043"},{"taxonomy":"post_tag","embeddable":true,"href":"https:\/\/agora.xtec.cat\/iesdecelra\/wp-json\/wp\/v2\/tags?post=2043"}],"curies":[{"name":"wp","href":"https:\/\/api.w.org\/{rel}","templated":true}]}}