{"id":2021,"date":"2019-05-08T22:42:46","date_gmt":"2019-05-08T20:42:46","guid":{"rendered":"http:\/\/agora.xtec.cat\/iesdecelra\/?p=2021"},"modified":"2019-05-08T22:43:34","modified_gmt":"2019-05-08T20:43:34","slug":"tallers-antirumors","status":"publish","type":"post","link":"https:\/\/agora.xtec.cat\/iesdecelra\/actualitat\/tallers-antirumors\/","title":{"rendered":"TALLERS ANTIRUMORS"},"content":{"rendered":"<p>La comissi\u00f3 pels refugiats de l&#8217;Institut ha organtizat <span style=\"font-family: inherit; font-size: 1em;\">dues xerrades obertes al p\u00fablic, a c\u00e0rrec de Pere Cortada, que tenen la intenci\u00f3 de sensibilitzar de com els rumors racistes arrelen en el nostre entorn i donar-nos eines davant les situacions de racisme.<\/span><\/p>\n<div>\n<p>Les xerrades s\u00f3n els dijous dia 16, i\u00a0 23 de maig de 5h a 6:30h de la tarda.<\/p>\n<\/div>\n<p><a href=\"https:\/\/agora.xtec.cat\/iesdecelra\/wp-content\/uploads\/usu1789\/2019\/05\/Captura-de-pantalla-2019-05-08-a-les-22.32.54.png\"><img loading=\"lazy\" decoding=\"async\" class=\"alignnone size-large wp-image-2022\" src=\"https:\/\/agora.xtec.cat\/iesdecelra\/wp-content\/uploads\/usu1789\/2019\/05\/Captura-de-pantalla-2019-05-08-a-les-22.32.54-732x1024.png\" alt=\"\" width=\"732\" height=\"1024\" srcset=\"https:\/\/agora.xtec.cat\/iesdecelra\/wp-content\/uploads\/usu1789\/2019\/05\/Captura-de-pantalla-2019-05-08-a-les-22.32.54-732x1024.png 732w, https:\/\/agora.xtec.cat\/iesdecelra\/wp-content\/uploads\/usu1789\/2019\/05\/Captura-de-pantalla-2019-05-08-a-les-22.32.54-214x300.png 214w, https:\/\/agora.xtec.cat\/iesdecelra\/wp-content\/uploads\/usu1789\/2019\/05\/Captura-de-pantalla-2019-05-08-a-les-22.32.54-768x1074.png 768w, https:\/\/agora.xtec.cat\/iesdecelra\/wp-content\/uploads\/usu1789\/2019\/05\/Captura-de-pantalla-2019-05-08-a-les-22.32.54.png 775w\" sizes=\"auto, (max-width: 732px) 100vw, 732px\" \/><\/a><\/p>\n","protected":false},"excerpt":{"rendered":"<p>La comissi\u00f3 pels refugiats de l&#8217;Institut ha organtizat dues xerrades obertes al p\u00fablic, a c\u00e0rrec de Pere Cortada, que tenen la intenci\u00f3 de sensibilitzar de com els rumors racistes arrelen en el nostre entorn i donar-nos eines davant les situacions de racisme.<\/p>\n<p>Les xerrades s\u00f3n els&hellip;  <a href=\"https:\/\/agora.xtec.cat\/iesdecelra\/actualitat\/tallers-antirumors\/\" title=\"Read TALLERS ANTIRUMORS\">Llegeix m\u00e9s\u00bb<\/a><\/p>\n","protected":false},"author":1,"featured_media":2022,"comment_status":"open","ping_status":"closed","sticky":false,"template":"","format":"standard","meta":{"_bbp_topic_count":0,"_bbp_reply_count":0,"_bbp_total_topic_count":0,"_bbp_total_reply_count":0,"_bbp_voice_count":0,"_bbp_anonymous_reply_count":0,"_bbp_topic_count_hidden":0,"_bbp_reply_count_hidden":0,"_bbp_forum_subforum_count":0,"footnotes":""},"categories":[103],"tags":[172,117],"class_list":["post-2021","post","type-post","status-publish","format-standard","has-post-thumbnail","hentry","category-actualitat","tag-comissio-de-refugiats","tag-curs-2018-2019"],"post_mailing_queue_ids":[],"_links":{"self":[{"href":"https:\/\/agora.xtec.cat\/iesdecelra\/wp-json\/wp\/v2\/posts\/2021","targetHints":{"allow":["GET"]}}],"collection":[{"href":"https:\/\/agora.xtec.cat\/iesdecelra\/wp-json\/wp\/v2\/posts"}],"about":[{"href":"https:\/\/agora.xtec.cat\/iesdecelra\/wp-json\/wp\/v2\/types\/post"}],"author":[{"embeddable":true,"href":"https:\/\/agora.xtec.cat\/iesdecelra\/wp-json\/wp\/v2\/users\/1"}],"replies":[{"embeddable":true,"href":"https:\/\/agora.xtec.cat\/iesdecelra\/wp-json\/wp\/v2\/comments?post=2021"}],"version-history":[{"count":1,"href":"https:\/\/agora.xtec.cat\/iesdecelra\/wp-json\/wp\/v2\/posts\/2021\/revisions"}],"predecessor-version":[{"id":2023,"href":"https:\/\/agora.xtec.cat\/iesdecelra\/wp-json\/wp\/v2\/posts\/2021\/revisions\/2023"}],"wp:featuredmedia":[{"embeddable":true,"href":"https:\/\/agora.xtec.cat\/iesdecelra\/wp-json\/wp\/v2\/media\/2022"}],"wp:attachment":[{"href":"https:\/\/agora.xtec.cat\/iesdecelra\/wp-json\/wp\/v2\/media?parent=2021"}],"wp:term":[{"taxonomy":"category","embeddable":true,"href":"https:\/\/agora.xtec.cat\/iesdecelra\/wp-json\/wp\/v2\/categories?post=2021"},{"taxonomy":"post_tag","embeddable":true,"href":"https:\/\/agora.xtec.cat\/iesdecelra\/wp-json\/wp\/v2\/tags?post=2021"}],"curies":[{"name":"wp","href":"https:\/\/api.w.org\/{rel}","templated":true}]}}