{"id":2016,"date":"2019-05-10T15:56:09","date_gmt":"2019-05-10T13:56:09","guid":{"rendered":"http:\/\/agora.xtec.cat\/iesdecelra\/?p=2016"},"modified":"2019-06-05T11:31:17","modified_gmt":"2019-06-05T09:31:17","slug":"sant-jordi-2019","status":"publish","type":"post","link":"https:\/\/agora.xtec.cat\/iesdecelra\/cursos\/eso\/sant-jordi-2019\/","title":{"rendered":"SANT JORDI 2019"},"content":{"rendered":"<p style=\"text-align: justify;\">Tot i que ja fa uns quants dies que hem deixat enrere la diada de Sant Jordi, us presentem el llistat de guanyadors del concurs literari.<\/p>\n<p><a href=\"https:\/\/agora.xtec.cat\/iesdecelra\/wp-content\/uploads\/usu1789\/2019\/05\/Captura-de-pantalla-2019-05-08-a-les-22.17.10.png\"><img loading=\"lazy\" decoding=\"async\" class=\"wp-image-2018 alignleft\" src=\"https:\/\/agora.xtec.cat\/iesdecelra\/wp-content\/uploads\/usu1789\/2019\/05\/Captura-de-pantalla-2019-05-08-a-les-22.17.10.png\" alt=\"\" width=\"445\" height=\"666\" srcset=\"https:\/\/agora.xtec.cat\/iesdecelra\/wp-content\/uploads\/usu1789\/2019\/05\/Captura-de-pantalla-2019-05-08-a-les-22.17.10.png 673w, https:\/\/agora.xtec.cat\/iesdecelra\/wp-content\/uploads\/usu1789\/2019\/05\/Captura-de-pantalla-2019-05-08-a-les-22.17.10-200x300.png 200w\" sizes=\"auto, (max-width: 445px) 100vw, 445px\" \/><\/a><\/p>\n<p style=\"text-align: justify;\">A m\u00e9s, tamb\u00e9 volem fer esment a l&#8217;Alba Piferrer, alumna de 3rA que va guanyar el concurs de disseny de la portada de l&#8217;agenda del curs vinent i a l&#8217;Emma Oliver que va quedar finalista.<\/p>\n<p style=\"text-align: justify;\">Al final d&#8217;aquest article tamb\u00e9 trobareu l&#8217;\u00e0lbum de fotografies de la jornada i el v\u00eddeo\u00a0 de la pe\u00e7a <em>Adiemus<\/em> de Karl Jenkins interpretada per la coral de l&#8217;Institut de Celr\u00e0 amb l&#8217;acompanyament de tots els alumnes de 1r d&#8217;ESO; un bon repte que ens fa felicitar les professores de m\u00fasica.<\/p>\n<p style=\"text-align: justify;\">Aprofitem per agrair a l&#8217;AMPA la seva col\u00b7laboraci\u00f3 amb el concurs literari.<\/p>\n<p>&nbsp;<\/p>\n<p>&nbsp;<\/p>\n<p>&nbsp;<\/p>\n<p>&nbsp;<\/p>\n<p>&nbsp;<\/p>\n<p>&nbsp;<\/p>\n<p>&nbsp;<\/p>\n<p>Si cliqueu sobre la imatge podreu accedir a l&#8217;\u00e0lbum de fotografies de l&#8217;acte que es va fer al gimn\u00e0s.<\/p>\n<p><a href=\"https:\/\/photos.app.goo.gl\/yfigQPUQhGhUQB279\"><img loading=\"lazy\" decoding=\"async\" class=\"aligncenter wp-image-2019\" src=\"https:\/\/agora.xtec.cat\/iesdecelra\/wp-content\/uploads\/usu1789\/2019\/05\/sant-jordi.jpg\" alt=\"\" width=\"449\" height=\"449\" srcset=\"https:\/\/agora.xtec.cat\/iesdecelra\/wp-content\/uploads\/usu1789\/2019\/05\/sant-jordi.jpg 800w, https:\/\/agora.xtec.cat\/iesdecelra\/wp-content\/uploads\/usu1789\/2019\/05\/sant-jordi-150x150.jpg 150w, https:\/\/agora.xtec.cat\/iesdecelra\/wp-content\/uploads\/usu1789\/2019\/05\/sant-jordi-300x300.jpg 300w, https:\/\/agora.xtec.cat\/iesdecelra\/wp-content\/uploads\/usu1789\/2019\/05\/sant-jordi-768x768.jpg 768w\" sizes=\"auto, (max-width: 449px) 100vw, 449px\" \/><\/a><\/p>\n<p>Aquest \u00e9s el v\u00eddeo amb la interpretaci\u00f3 de la pe\u00e7a\u00a0<em>Adiemus<\/em> de Karl Jenkins<\/p>\n<p><iframe loading=\"lazy\" title=\"coral Institut de Celra\u0300   Sant Jordi 2019\" width=\"500\" height=\"281\" src=\"https:\/\/www.youtube.com\/embed\/iCflWqLWE88?feature=oembed\" frameborder=\"0\" allow=\"accelerometer; autoplay; clipboard-write; encrypted-media; gyroscope; picture-in-picture; web-share\" referrerpolicy=\"strict-origin-when-cross-origin\" allowfullscreen><\/iframe><\/p>\n<p>&nbsp;<\/p>\n","protected":false},"excerpt":{"rendered":"<p>Tot i que ja fa uns quants dies que hem deixat enrere la diada de Sant Jordi, us presentem el llistat de guanyadors del concurs literari.<br \/>\n<a href=\"https:\/\/agora.xtec.cat\/iesdecelra\/wp-content\/uploads\/usu1789\/2019\/05\/Captura-de-pantalla-2019-05-08-a-les-22.17.10.png\"><\/a><br \/>\nA m\u00e9s, tamb\u00e9 volem fer esment a l&#8217;Alba Piferrer, alumna de 3rA que va guanyar el concurs de disseny&hellip;  <a href=\"https:\/\/agora.xtec.cat\/iesdecelra\/cursos\/eso\/sant-jordi-2019\/\" title=\"Read SANT JORDI 2019\">Llegeix m\u00e9s\u00bb<\/a><\/p>\n","protected":false},"author":1,"featured_media":2019,"comment_status":"open","ping_status":"closed","sticky":false,"template":"","format":"standard","meta":{"_bbp_topic_count":0,"_bbp_reply_count":0,"_bbp_total_topic_count":0,"_bbp_total_reply_count":0,"_bbp_voice_count":0,"_bbp_anonymous_reply_count":0,"_bbp_topic_count_hidden":0,"_bbp_reply_count_hidden":0,"_bbp_forum_subforum_count":0,"footnotes":""},"categories":[103,218,3],"tags":[168,207,117,38],"class_list":["post-2016","post","type-post","status-publish","format-standard","has-post-thumbnail","hentry","category-actualitat","category-concursos-i-premis","category-eso","tag-concursos","tag-coral-de-linstitut","tag-curs-2018-2019","tag-sant-jordi"],"post_mailing_queue_ids":[],"_links":{"self":[{"href":"https:\/\/agora.xtec.cat\/iesdecelra\/wp-json\/wp\/v2\/posts\/2016","targetHints":{"allow":["GET"]}}],"collection":[{"href":"https:\/\/agora.xtec.cat\/iesdecelra\/wp-json\/wp\/v2\/posts"}],"about":[{"href":"https:\/\/agora.xtec.cat\/iesdecelra\/wp-json\/wp\/v2\/types\/post"}],"author":[{"embeddable":true,"href":"https:\/\/agora.xtec.cat\/iesdecelra\/wp-json\/wp\/v2\/users\/1"}],"replies":[{"embeddable":true,"href":"https:\/\/agora.xtec.cat\/iesdecelra\/wp-json\/wp\/v2\/comments?post=2016"}],"version-history":[{"count":3,"href":"https:\/\/agora.xtec.cat\/iesdecelra\/wp-json\/wp\/v2\/posts\/2016\/revisions"}],"predecessor-version":[{"id":2030,"href":"https:\/\/agora.xtec.cat\/iesdecelra\/wp-json\/wp\/v2\/posts\/2016\/revisions\/2030"}],"wp:featuredmedia":[{"embeddable":true,"href":"https:\/\/agora.xtec.cat\/iesdecelra\/wp-json\/wp\/v2\/media\/2019"}],"wp:attachment":[{"href":"https:\/\/agora.xtec.cat\/iesdecelra\/wp-json\/wp\/v2\/media?parent=2016"}],"wp:term":[{"taxonomy":"category","embeddable":true,"href":"https:\/\/agora.xtec.cat\/iesdecelra\/wp-json\/wp\/v2\/categories?post=2016"},{"taxonomy":"post_tag","embeddable":true,"href":"https:\/\/agora.xtec.cat\/iesdecelra\/wp-json\/wp\/v2\/tags?post=2016"}],"curies":[{"name":"wp","href":"https:\/\/api.w.org\/{rel}","templated":true}]}}