{"id":2001,"date":"2019-05-06T12:52:52","date_gmt":"2019-05-06T10:52:52","guid":{"rendered":"http:\/\/agora.xtec.cat\/iesdecelra\/?p=2001"},"modified":"2019-05-06T12:52:52","modified_gmt":"2019-05-06T10:52:52","slug":"7-de-maig-de-2019","status":"publish","type":"post","link":"https:\/\/agora.xtec.cat\/iesdecelra\/general\/musica-de-la-setmana\/7-de-maig-de-2019\/","title":{"rendered":"7 de maig de 2019"},"content":{"rendered":"<p>Havent tancat la Festa Major de Celr\u00e0, arrenquem setmana un dimarts i ho fem amb la can\u00e7\u00f3 <em>Per qu\u00e8 he plorat?<\/em> en una versi\u00f3 de la pe\u00e7a del musical <em>Mar i cel<\/em> de Dagoll Dagom que ha fet el grup EKO.<\/p>\n<p>Bona setmana!<\/p>\n<p><iframe loading=\"lazy\" title=\"EKO - Per qu\u00e8 he plorat? (Cover &quot;Mar i Cel&quot;)\" width=\"500\" height=\"281\" src=\"https:\/\/www.youtube.com\/embed\/63NZg7qu-Wo?feature=oembed\" frameborder=\"0\" allow=\"accelerometer; autoplay; clipboard-write; encrypted-media; gyroscope; picture-in-picture; web-share\" referrerpolicy=\"strict-origin-when-cross-origin\" allowfullscreen><\/iframe><\/p>\n<p>&nbsp;<\/p>\n","protected":false},"excerpt":{"rendered":"<p>Havent tancat la Festa Major de Celr\u00e0, arrenquem setmana un dimarts i ho fem amb la can\u00e7\u00f3 Per qu\u00e8 he plorat? en una versi\u00f3 de la pe\u00e7a del musical Mar i cel de Dagoll Dagom que ha fet el grup EKO.<br \/>\nBona setmana!<\/p>\n<p>&nbsp;<\/p>\n","protected":false},"author":1,"featured_media":0,"comment_status":"open","ping_status":"closed","sticky":false,"template":"","format":"standard","meta":{"_bbp_topic_count":0,"_bbp_reply_count":0,"_bbp_total_topic_count":0,"_bbp_total_reply_count":0,"_bbp_voice_count":0,"_bbp_anonymous_reply_count":0,"_bbp_topic_count_hidden":0,"_bbp_reply_count_hidden":0,"_bbp_forum_subforum_count":0,"footnotes":""},"categories":[122],"tags":[117,123],"class_list":["post-2001","post","type-post","status-publish","format-standard","hentry","category-musica-de-la-setmana","tag-curs-2018-2019","tag-musica-de-la-setmana"],"post_mailing_queue_ids":[],"_links":{"self":[{"href":"https:\/\/agora.xtec.cat\/iesdecelra\/wp-json\/wp\/v2\/posts\/2001","targetHints":{"allow":["GET"]}}],"collection":[{"href":"https:\/\/agora.xtec.cat\/iesdecelra\/wp-json\/wp\/v2\/posts"}],"about":[{"href":"https:\/\/agora.xtec.cat\/iesdecelra\/wp-json\/wp\/v2\/types\/post"}],"author":[{"embeddable":true,"href":"https:\/\/agora.xtec.cat\/iesdecelra\/wp-json\/wp\/v2\/users\/1"}],"replies":[{"embeddable":true,"href":"https:\/\/agora.xtec.cat\/iesdecelra\/wp-json\/wp\/v2\/comments?post=2001"}],"version-history":[{"count":1,"href":"https:\/\/agora.xtec.cat\/iesdecelra\/wp-json\/wp\/v2\/posts\/2001\/revisions"}],"predecessor-version":[{"id":2002,"href":"https:\/\/agora.xtec.cat\/iesdecelra\/wp-json\/wp\/v2\/posts\/2001\/revisions\/2002"}],"wp:attachment":[{"href":"https:\/\/agora.xtec.cat\/iesdecelra\/wp-json\/wp\/v2\/media?parent=2001"}],"wp:term":[{"taxonomy":"category","embeddable":true,"href":"https:\/\/agora.xtec.cat\/iesdecelra\/wp-json\/wp\/v2\/categories?post=2001"},{"taxonomy":"post_tag","embeddable":true,"href":"https:\/\/agora.xtec.cat\/iesdecelra\/wp-json\/wp\/v2\/tags?post=2001"}],"curies":[{"name":"wp","href":"https:\/\/api.w.org\/{rel}","templated":true}]}}