{"id":1994,"date":"2019-05-06T12:41:14","date_gmt":"2019-05-06T10:41:14","guid":{"rendered":"http:\/\/agora.xtec.cat\/iesdecelra\/?p=1994"},"modified":"2019-05-06T12:41:14","modified_gmt":"2019-05-06T10:41:14","slug":"ciencia-entre-tots","status":"publish","type":"post","link":"https:\/\/agora.xtec.cat\/iesdecelra\/cursos\/eso\/eso-2\/ciencia-entre-tots\/","title":{"rendered":"CI\u00c8NCIA ENTRE TOTS"},"content":{"rendered":"<p style=\"text-align: justify;\">Aquest dissabte dia 4 de maig, al centre de Girona, alguns alumnes de 2n d&#8217;ESO i 1r de Batxillerat han participat a la fira Ci\u00e8ncia entre tots. Aquesta fira de ci\u00e8ncia est\u00e0 protagonitzada per alumnes de secund\u00e0ria, divulgadors cient\u00edfics, professors d&#8217;universitat, etc. i t\u00e9 com objectiu fer viure la ci\u00e8ncia al p\u00fablic que s&#8217;hi acosta a partir d&#8217;experiments, jocs, maquetes&#8230;<\/p>\n<p style=\"text-align: justify;\">Els nois i noies de 2n d&#8217;ESO han experimentat la sublimaci\u00f3 amb gel sec, han dut a terme experiments relacionats amb la densitat i amb materials molt especials que tenen mem\u00f2ria de forma o que augmenten molt el seu volum perqu\u00e8 s\u00f3n molt hid\u00f2fils.<\/p>\n<p style=\"text-align: justify;\">Els alumnes de 1r de Batxillerat han &#8220;transformat&#8221; el coure en plata i despr\u00e9s en or&#8230; o almenys aparentment perqu\u00e8 despr\u00e9s han explicat molt b\u00e9 qu\u00e8 havien fet realment.<\/p>\n<p style=\"text-align: justify;\">La fira ha estat un \u00e8xit de participaci\u00f3 i de p\u00fablic i un any m\u00e9s hem passat un mat\u00ed fant\u00e0stic fent ci\u00e8ncia. Moltes gr\u00e0cies a tots els que heu participat i l&#8217;heu fet possible. Ens hi retrobem l&#8217;any vinent!<\/p>\n<p style=\"text-align: right;\">Departament de Ci\u00e8ncies (F\u00edsica i Qu\u00edmica)<\/p>\n<p>&nbsp;<\/p>\n<p>Podeu veure l&#8217;\u00e0lbum de fotografies clicant sobre la imatge.<\/p>\n<p>&nbsp;<\/p>\n<p><a href=\"https:\/\/photos.app.goo.gl\/YdB9oJiVQ9zn66yD8\"><img loading=\"lazy\" decoding=\"async\" class=\"alignnone size-full wp-image-1995\" src=\"https:\/\/agora.xtec.cat\/iesdecelra\/wp-content\/uploads\/usu1789\/2019\/05\/ciencia.jpg\" alt=\"\" width=\"800\" height=\"800\" srcset=\"https:\/\/agora.xtec.cat\/iesdecelra\/wp-content\/uploads\/usu1789\/2019\/05\/ciencia.jpg 800w, https:\/\/agora.xtec.cat\/iesdecelra\/wp-content\/uploads\/usu1789\/2019\/05\/ciencia-150x150.jpg 150w, https:\/\/agora.xtec.cat\/iesdecelra\/wp-content\/uploads\/usu1789\/2019\/05\/ciencia-300x300.jpg 300w, https:\/\/agora.xtec.cat\/iesdecelra\/wp-content\/uploads\/usu1789\/2019\/05\/ciencia-768x768.jpg 768w\" sizes=\"auto, (max-width: 800px) 100vw, 800px\" \/><\/a><\/p>\n","protected":false},"excerpt":{"rendered":"<p>Aquest dissabte dia 4 de maig, al centre de Girona, alguns alumnes de 2n d&#8217;ESO i 1r de Batxillerat han participat a la fira Ci\u00e8ncia entre tots. Aquesta fira de ci\u00e8ncia est\u00e0 protagonitzada per alumnes de secund\u00e0ria, divulgadors cient\u00edfics, professors d&#8217;universitat, etc. i t\u00e9 com&hellip;  <a href=\"https:\/\/agora.xtec.cat\/iesdecelra\/cursos\/eso\/eso-2\/ciencia-entre-tots\/\" title=\"Read CI\u00c8NCIA ENTRE TOTS\">Llegeix m\u00e9s\u00bb<\/a><\/p>\n","protected":false},"author":1,"featured_media":1995,"comment_status":"closed","ping_status":"closed","sticky":false,"template":"","format":"standard","meta":{"_bbp_topic_count":0,"_bbp_reply_count":0,"_bbp_total_topic_count":0,"_bbp_total_reply_count":0,"_bbp_voice_count":0,"_bbp_anonymous_reply_count":0,"_bbp_topic_count_hidden":0,"_bbp_reply_count_hidden":0,"_bbp_forum_subforum_count":0,"footnotes":""},"categories":[103,8,5],"tags":[204,117,151],"class_list":["post-1994","post","type-post","status-publish","format-standard","has-post-thumbnail","hentry","category-actualitat","category-batxillerat","category-eso-2","tag-ciencia-entre-tots","tag-curs-2018-2019","tag-departament-de-ciencies-naturals"],"post_mailing_queue_ids":[],"_links":{"self":[{"href":"https:\/\/agora.xtec.cat\/iesdecelra\/wp-json\/wp\/v2\/posts\/1994","targetHints":{"allow":["GET"]}}],"collection":[{"href":"https:\/\/agora.xtec.cat\/iesdecelra\/wp-json\/wp\/v2\/posts"}],"about":[{"href":"https:\/\/agora.xtec.cat\/iesdecelra\/wp-json\/wp\/v2\/types\/post"}],"author":[{"embeddable":true,"href":"https:\/\/agora.xtec.cat\/iesdecelra\/wp-json\/wp\/v2\/users\/1"}],"replies":[{"embeddable":true,"href":"https:\/\/agora.xtec.cat\/iesdecelra\/wp-json\/wp\/v2\/comments?post=1994"}],"version-history":[{"count":1,"href":"https:\/\/agora.xtec.cat\/iesdecelra\/wp-json\/wp\/v2\/posts\/1994\/revisions"}],"predecessor-version":[{"id":1996,"href":"https:\/\/agora.xtec.cat\/iesdecelra\/wp-json\/wp\/v2\/posts\/1994\/revisions\/1996"}],"wp:featuredmedia":[{"embeddable":true,"href":"https:\/\/agora.xtec.cat\/iesdecelra\/wp-json\/wp\/v2\/media\/1995"}],"wp:attachment":[{"href":"https:\/\/agora.xtec.cat\/iesdecelra\/wp-json\/wp\/v2\/media?parent=1994"}],"wp:term":[{"taxonomy":"category","embeddable":true,"href":"https:\/\/agora.xtec.cat\/iesdecelra\/wp-json\/wp\/v2\/categories?post=1994"},{"taxonomy":"post_tag","embeddable":true,"href":"https:\/\/agora.xtec.cat\/iesdecelra\/wp-json\/wp\/v2\/tags?post=1994"}],"curies":[{"name":"wp","href":"https:\/\/api.w.org\/{rel}","templated":true}]}}