{"id":1990,"date":"2019-05-04T09:42:03","date_gmt":"2019-05-04T07:42:03","guid":{"rendered":"http:\/\/agora.xtec.cat\/iesdecelra\/?p=1990"},"modified":"2019-05-26T19:52:03","modified_gmt":"2019-05-26T17:52:03","slug":"figueres-i-el-dia-inesperat","status":"publish","type":"post","link":"https:\/\/agora.xtec.cat\/iesdecelra\/cursos\/eso\/eso-2\/figueres-i-el-dia-inesperat\/","title":{"rendered":"FIGUERES I EL DIA INESPERAT"},"content":{"rendered":"<p style=\"text-align: justify;\">El dimarts 30 d\u2019abril vam anar en tren a Figueres per con\u00e8ixer l\u2019institut Narc\u00eds Monturiol i els alumnes amb qui ens hem escrit cartes durant el segon trimestre. Quan vam ser a l\u2019institut, abans de veure els alumnes de Figueres, una professora ens va demanar que ens gir\u00e9ssim perqu\u00e8 tenien una sorpresa: una benvinguda escrita per ells. Tot seguit vam anar a la biblioteca; ens van explicar el que far\u00edem aquell dia i ens van ensenyar la foto on sort\u00edem nosaltres, amb els noms que ells havien pensat, i la foto on sortien ells i els noms que hav\u00edem pensat nosaltres. (Ni ells ni nosaltres en vam encertar gaires.)<\/p>\n<p style=\"text-align: justify;\">Despr\u00e9s, vam anar al pati i vam fer un joc de coneixen\u00e7a en qu\u00e8 hav\u00edem de col\u00b7laborar per arribar, sense tocar a terra, a la taula on hi havia l\u2019esmorzar que ens havien preparat. Havent esmorzat vam anar a la Rambla de Figueres i vam fer una gincama amb grups formats per alumnes de tots dos instituts. Hav\u00edem de trobar informaci\u00f3 sobre Narc\u00eds Monturiol i Salvador Dal\u00ed, que van n\u00e9ixer al mateix carrer, molt a prop de la Rambla. A les 12 del migdia ens vam trobar amb els professors a la pla\u00e7a de l\u2019Ajuntament i vam escoltar una sardana abans d\u2019anar al museu Dal\u00ed, on ens van fer una visita guiada i vam veure escultures i pintures incre\u00efbles.<\/p>\n<p style=\"text-align: justify;\">Ara, esperem amb ganes el dia de maig que ells ens tornaran la visita per ensenyar-los els llocs on vivim i estudiem.<\/p>\n<p style=\"text-align: justify;\">2n d&#8217;ESO PIM (ABCDE)<\/p>\n<p><iframe loading=\"lazy\" title=\"2n d&#039;ESO PIM - Visita a l&#039;Institut Narc\u00eds Monturiol de Figueres\" width=\"500\" height=\"281\" src=\"https:\/\/www.youtube.com\/embed\/WR4BMHowegY?feature=oembed\" frameborder=\"0\" allow=\"accelerometer; autoplay; clipboard-write; encrypted-media; gyroscope; picture-in-picture; web-share\" referrerpolicy=\"strict-origin-when-cross-origin\" allowfullscreen><\/iframe><\/p>\n<p>Tamb\u00e9 podeu accedir a l&#8217;\u00e0lbum de fotografies de la jornada cliclant <a href=\"https:\/\/photos.app.goo.gl\/cEh3E7VmazTBHdN19\">AQU\u00cd\u00a0<\/a>i a la not\u00edcia que l&#8217;Institut Narc\u00eds Monturiol va publicar a Instagram:\u00a0<a href=\"https:\/\/www.instagram.com\/p\/Bw43Bf3gCFk\/?utm_source=ig_share_sheet&amp;igshid=pve1lexceqbw\">Instagram\u00a0https:\/\/www.instagram.com\/p\/Bw43Bf3gCFk\/?utm_source=ig_share_sheet&amp;igshid=pve1lexceqbw<\/a><\/p>\n","protected":false},"excerpt":{"rendered":"<p>El dimarts 30 d\u2019abril vam anar en tren a Figueres per con\u00e8ixer l\u2019institut Narc\u00eds Monturiol i els alumnes amb qui ens hem escrit cartes durant el segon trimestre. Quan vam ser a l\u2019institut, abans de veure els alumnes de Figueres, una professora ens va demanar&hellip;  <a href=\"https:\/\/agora.xtec.cat\/iesdecelra\/cursos\/eso\/eso-2\/figueres-i-el-dia-inesperat\/\" title=\"Read FIGUERES I EL DIA INESPERAT\">Llegeix m\u00e9s\u00bb<\/a><\/p>\n","protected":false},"author":1,"featured_media":1991,"comment_status":"closed","ping_status":"closed","sticky":false,"template":"","format":"standard","meta":{"_bbp_topic_count":0,"_bbp_reply_count":0,"_bbp_total_topic_count":0,"_bbp_total_reply_count":0,"_bbp_voice_count":0,"_bbp_anonymous_reply_count":0,"_bbp_topic_count_hidden":0,"_bbp_reply_count_hidden":0,"_bbp_forum_subforum_count":0,"footnotes":""},"categories":[103,5],"tags":[117,166,206,205],"class_list":["post-1990","post","type-post","status-publish","format-standard","has-post-thumbnail","hentry","category-actualitat","category-eso-2","tag-curs-2018-2019","tag-departament-de-catala","tag-institut-narcis-monturiol","tag-pim"],"post_mailing_queue_ids":[],"_links":{"self":[{"href":"https:\/\/agora.xtec.cat\/iesdecelra\/wp-json\/wp\/v2\/posts\/1990","targetHints":{"allow":["GET"]}}],"collection":[{"href":"https:\/\/agora.xtec.cat\/iesdecelra\/wp-json\/wp\/v2\/posts"}],"about":[{"href":"https:\/\/agora.xtec.cat\/iesdecelra\/wp-json\/wp\/v2\/types\/post"}],"author":[{"embeddable":true,"href":"https:\/\/agora.xtec.cat\/iesdecelra\/wp-json\/wp\/v2\/users\/1"}],"replies":[{"embeddable":true,"href":"https:\/\/agora.xtec.cat\/iesdecelra\/wp-json\/wp\/v2\/comments?post=1990"}],"version-history":[{"count":3,"href":"https:\/\/agora.xtec.cat\/iesdecelra\/wp-json\/wp\/v2\/posts\/1990\/revisions"}],"predecessor-version":[{"id":2141,"href":"https:\/\/agora.xtec.cat\/iesdecelra\/wp-json\/wp\/v2\/posts\/1990\/revisions\/2141"}],"wp:featuredmedia":[{"embeddable":true,"href":"https:\/\/agora.xtec.cat\/iesdecelra\/wp-json\/wp\/v2\/media\/1991"}],"wp:attachment":[{"href":"https:\/\/agora.xtec.cat\/iesdecelra\/wp-json\/wp\/v2\/media?parent=1990"}],"wp:term":[{"taxonomy":"category","embeddable":true,"href":"https:\/\/agora.xtec.cat\/iesdecelra\/wp-json\/wp\/v2\/categories?post=1990"},{"taxonomy":"post_tag","embeddable":true,"href":"https:\/\/agora.xtec.cat\/iesdecelra\/wp-json\/wp\/v2\/tags?post=1990"}],"curies":[{"name":"wp","href":"https:\/\/api.w.org\/{rel}","templated":true}]}}