{"id":1981,"date":"2019-05-01T17:40:32","date_gmt":"2019-05-01T15:40:32","guid":{"rendered":"http:\/\/agora.xtec.cat\/iesdecelra\/?p=1981"},"modified":"2019-05-01T17:43:14","modified_gmt":"2019-05-01T15:43:14","slug":"del-passat-a-lactualitat","status":"publish","type":"post","link":"https:\/\/agora.xtec.cat\/iesdecelra\/cursos\/eso\/eso-2\/del-passat-a-lactualitat\/","title":{"rendered":"DEL PASSAT A L&#8217;ACTUALITAT"},"content":{"rendered":"<p><span style=\"font-weight: 400;\">El divendres 5 d\u2019abril, l\u2019escriptora Dolors Garcia Cornell\u00e0 va venir a l\u2019Ateneu de Celr\u00e0 per comentar la novel\u00b7la <\/span><i><span style=\"font-weight: 400;\">L\u2019esclau del Mercadal<\/span><\/i><span style=\"font-weight: 400;\">, que els alumnes de 2n d\u2019ESO hav\u00edem llegit al segon trimestre.<\/span><\/p>\n<p><span style=\"font-weight: 400;\">Durant la tert\u00falia, l\u2019escriptora ens va explicar que per escriure la novel\u00b7la va barrejar les seves dues passions: l\u2019escriptura i la hist\u00f2ria. Va parlar de com escull sempre els seus personatges: busca, a Internet, fotos de persones, les imprimeix i les penja en un suro perqu\u00e8, quan ha d\u2019esmentar algun tret f\u00edsic, no caigui en cap contradicci\u00f3. Quan va decidir de fer <\/span><i><span style=\"font-weight: 400;\">L\u2019esclau del Mercadal<\/span><\/i><span style=\"font-weight: 400;\">, situada a Girona i a l\u2019edat mitjana, es va documentar amb llibres d\u2019hist\u00f2ria, perqu\u00e8 fos el m\u00e9s realista possible. Per posar nom als personatges tamb\u00e9 es va fixar en els noms m\u00e9s comuns en aquella \u00e8poca.<\/span><\/p>\n<p><span style=\"font-weight: 400;\">Un fet que ens va sorprendre \u00e9s que en un primer moment l\u2019escriptora va voler que la novel\u00b7la pass\u00e9s en un per\u00edode de dos anys i es vei\u00e9s l\u2019evoluci\u00f3 dels personatges al llarg del temps, per\u00f2 al final va decidir que passaria en una setmana, perqu\u00e8 quan havia arribat a la meitat del llibre nom\u00e9s havien transcorregut tres dies.<\/span><\/p>\n<p><span style=\"font-weight: 400;\">Una setmana m\u00e9s tard, el dijous 11 i el divendres 12 d\u2019abril, els cinc grups de 2n vam anar a Girona per fer una visita guiada al centre hist\u00f2ric i vam caminar pels carrers per on passaven els personatges de la novel\u00b7la. Tamb\u00e9 vam visitar el Museu d\u2019Hist\u00f2ria dels Jueus on vam veure mostres reals d\u2019objectes que l\u2019escriptora havia esmentat a <\/span><i><span style=\"font-weight: 400;\">L\u2019esclau del Mercadal<\/span><\/i><span style=\"font-weight: 400;\">.<\/span><\/p>\n<p><span style=\"font-weight: 400;\">En acabar la visita, vam fer un joc de pistes que havien preparat els professors. Hav\u00edem de trobar unes fites a trav\u00e9s de fragments de la novel\u00b7la i d\u2019un pl\u00e0nol de la ciutat.<\/span><\/p>\n<p><span style=\"font-weight: 400;\">Va ser una excursi\u00f3 did\u00e0ctica i divertida.<\/span><\/p>\n<p><span style=\"font-weight: 400;\">Nil Pous, Bruna Peris i Paula Gal\u00ed<\/span><\/p>\n<p><a href=\"https:\/\/agora.xtec.cat\/iesdecelra\/wp-content\/uploads\/usu1789\/2019\/05\/fesclau-mercadal.jpg\"><img loading=\"lazy\" decoding=\"async\" class=\"size-full wp-image-1983 aligncenter\" src=\"https:\/\/agora.xtec.cat\/iesdecelra\/wp-content\/uploads\/usu1789\/2019\/05\/fesclau-mercadal.jpg\" alt=\"\" width=\"800\" height=\"600\" srcset=\"https:\/\/agora.xtec.cat\/iesdecelra\/wp-content\/uploads\/usu1789\/2019\/05\/fesclau-mercadal.jpg 800w, https:\/\/agora.xtec.cat\/iesdecelra\/wp-content\/uploads\/usu1789\/2019\/05\/fesclau-mercadal-300x225.jpg 300w, https:\/\/agora.xtec.cat\/iesdecelra\/wp-content\/uploads\/usu1789\/2019\/05\/fesclau-mercadal-768x576.jpg 768w, https:\/\/agora.xtec.cat\/iesdecelra\/wp-content\/uploads\/usu1789\/2019\/05\/fesclau-mercadal-200x150.jpg 200w\" sizes=\"auto, (max-width: 800px) 100vw, 800px\" \/><\/a><\/p>\n<p>&nbsp;<\/p>\n<p>&nbsp;<\/p>\n<p>&nbsp;<\/p>\n<p>&nbsp;<\/p>\n<p>&nbsp;<\/p>\n","protected":false},"excerpt":{"rendered":"<p>El divendres 5 d\u2019abril, l\u2019escriptora Dolors Garcia Cornell\u00e0 va venir a l\u2019Ateneu de Celr\u00e0 per comentar la novel\u00b7la L\u2019esclau del Mercadal, que els alumnes de 2n d\u2019ESO hav\u00edem llegit al segon trimestre.<br \/>\nDurant la tert\u00falia, l\u2019escriptora ens va explicar que per escriure la novel\u00b7la va barrejar&hellip;  <a href=\"https:\/\/agora.xtec.cat\/iesdecelra\/cursos\/eso\/eso-2\/del-passat-a-lactualitat\/\" title=\"Read DEL PASSAT A L&#8217;ACTUALITAT\">Llegeix m\u00e9s\u00bb<\/a><\/p>\n","protected":false},"author":1,"featured_media":1986,"comment_status":"open","ping_status":"closed","sticky":false,"template":"","format":"standard","meta":{"_bbp_topic_count":0,"_bbp_reply_count":0,"_bbp_total_topic_count":0,"_bbp_total_reply_count":0,"_bbp_voice_count":0,"_bbp_anonymous_reply_count":0,"_bbp_topic_count_hidden":0,"_bbp_reply_count_hidden":0,"_bbp_forum_subforum_count":0,"footnotes":""},"categories":[103,5],"tags":[117,166,203],"class_list":["post-1981","post","type-post","status-publish","format-standard","has-post-thumbnail","hentry","category-actualitat","category-eso-2","tag-curs-2018-2019","tag-departament-de-catala","tag-lesclau-del-mercadal"],"post_mailing_queue_ids":[],"_links":{"self":[{"href":"https:\/\/agora.xtec.cat\/iesdecelra\/wp-json\/wp\/v2\/posts\/1981","targetHints":{"allow":["GET"]}}],"collection":[{"href":"https:\/\/agora.xtec.cat\/iesdecelra\/wp-json\/wp\/v2\/posts"}],"about":[{"href":"https:\/\/agora.xtec.cat\/iesdecelra\/wp-json\/wp\/v2\/types\/post"}],"author":[{"embeddable":true,"href":"https:\/\/agora.xtec.cat\/iesdecelra\/wp-json\/wp\/v2\/users\/1"}],"replies":[{"embeddable":true,"href":"https:\/\/agora.xtec.cat\/iesdecelra\/wp-json\/wp\/v2\/comments?post=1981"}],"version-history":[{"count":2,"href":"https:\/\/agora.xtec.cat\/iesdecelra\/wp-json\/wp\/v2\/posts\/1981\/revisions"}],"predecessor-version":[{"id":1985,"href":"https:\/\/agora.xtec.cat\/iesdecelra\/wp-json\/wp\/v2\/posts\/1981\/revisions\/1985"}],"wp:featuredmedia":[{"embeddable":true,"href":"https:\/\/agora.xtec.cat\/iesdecelra\/wp-json\/wp\/v2\/media\/1986"}],"wp:attachment":[{"href":"https:\/\/agora.xtec.cat\/iesdecelra\/wp-json\/wp\/v2\/media?parent=1981"}],"wp:term":[{"taxonomy":"category","embeddable":true,"href":"https:\/\/agora.xtec.cat\/iesdecelra\/wp-json\/wp\/v2\/categories?post=1981"},{"taxonomy":"post_tag","embeddable":true,"href":"https:\/\/agora.xtec.cat\/iesdecelra\/wp-json\/wp\/v2\/tags?post=1981"}],"curies":[{"name":"wp","href":"https:\/\/api.w.org\/{rel}","templated":true}]}}