{"id":1887,"date":"2019-04-08T20:13:43","date_gmt":"2019-04-08T18:13:43","guid":{"rendered":"http:\/\/agora.xtec.cat\/iesdecelra\/?p=1887"},"modified":"2019-04-08T20:14:04","modified_gmt":"2019-04-08T18:14:04","slug":"cursa-dorientacio-4t-deso","status":"publish","type":"post","link":"https:\/\/agora.xtec.cat\/iesdecelra\/cursos\/eso\/eso-4\/cursa-dorientacio-4t-deso\/","title":{"rendered":"CURSA D&#8217;ORIENTACI\u00d3 4t d&#8217;ESO"},"content":{"rendered":"<p style=\"text-align: justify;\">Aquest divendres els alumnes de 4t d&#8217;ESO s&#8217;han despla\u00e7at fins a Fontajau per participar en una cursa d&#8217;orientaci\u00f3 organitzada pel club Aligots. Aquest esport combina la resist\u00e8ncia i l&#8217;orientaci\u00f3 i t\u00e9 com a objectiu\u00a0realitzar un circuit a la natura en un ordre concret i en el m\u00ednim temps possible, amb l&#8217;ajuda d&#8217;un mapa i una br\u00faixola.<\/p>\n<p style=\"text-align: justify;\">126 alumnes del nostre institut han competit amb d&#8217;altres estudiants de Blanes, Lloret de Mar, Salt i Vilablareix en diferents modalitats: cursa llarga individual, cursa curta individual, cursa llarga en parelles i cursa curta en parelles.<\/p>\n<p style=\"text-align: justify;\">La participaci\u00f3 dels alumnes ha estat molt bona; i tamb\u00e9 la classificaci\u00f3. Destaquem els podis de Maria P\u00e9rez (1a), Judith Mass\u00f3 (2a) i Paula Valenzuela (3a) en la cursa curta individual i Adrian Ortega i Doney Carias en la modalitat llarga per parelles. A m\u00e9s, volem felicitar tots els alumnes i animar-los a continuar amb aquest esport.<\/p>\n<p style=\"text-align: justify;\"><a href=\"https:\/\/photos.app.goo.gl\/bbxaikUf1KuEQ47w5\">\u00c0LBUM DE FOTOGRAFIES<\/a><\/p>\n","protected":false},"excerpt":{"rendered":"<p>Aquest divendres els alumnes de 4t d&#8217;ESO s&#8217;han despla\u00e7at fins a Fontajau per participar en una cursa d&#8217;orientaci\u00f3 organitzada pel club Aligots. Aquest esport combina la resist\u00e8ncia i l&#8217;orientaci\u00f3 i t\u00e9 com a objectiu\u00a0realitzar un circuit a la natura en un ordre concret i en&hellip;  <a href=\"https:\/\/agora.xtec.cat\/iesdecelra\/cursos\/eso\/eso-4\/cursa-dorientacio-4t-deso\/\" title=\"Read CURSA D&#8217;ORIENTACI\u00d3 4t d&#8217;ESO\">Llegeix m\u00e9s\u00bb<\/a><\/p>\n","protected":false},"author":1,"featured_media":1888,"comment_status":"open","ping_status":"closed","sticky":false,"template":"","format":"standard","meta":{"_bbp_topic_count":0,"_bbp_reply_count":0,"_bbp_total_topic_count":0,"_bbp_total_reply_count":0,"_bbp_voice_count":0,"_bbp_anonymous_reply_count":0,"_bbp_topic_count_hidden":0,"_bbp_reply_count_hidden":0,"_bbp_forum_subforum_count":0,"footnotes":""},"categories":[103,7],"tags":[117,199,134],"class_list":["post-1887","post","type-post","status-publish","format-standard","has-post-thumbnail","hentry","category-actualitat","category-eso-4","tag-curs-2018-2019","tag-cursa-dorientacio","tag-departament-deducacio-fisica"],"post_mailing_queue_ids":[],"_links":{"self":[{"href":"https:\/\/agora.xtec.cat\/iesdecelra\/wp-json\/wp\/v2\/posts\/1887","targetHints":{"allow":["GET"]}}],"collection":[{"href":"https:\/\/agora.xtec.cat\/iesdecelra\/wp-json\/wp\/v2\/posts"}],"about":[{"href":"https:\/\/agora.xtec.cat\/iesdecelra\/wp-json\/wp\/v2\/types\/post"}],"author":[{"embeddable":true,"href":"https:\/\/agora.xtec.cat\/iesdecelra\/wp-json\/wp\/v2\/users\/1"}],"replies":[{"embeddable":true,"href":"https:\/\/agora.xtec.cat\/iesdecelra\/wp-json\/wp\/v2\/comments?post=1887"}],"version-history":[{"count":2,"href":"https:\/\/agora.xtec.cat\/iesdecelra\/wp-json\/wp\/v2\/posts\/1887\/revisions"}],"predecessor-version":[{"id":1890,"href":"https:\/\/agora.xtec.cat\/iesdecelra\/wp-json\/wp\/v2\/posts\/1887\/revisions\/1890"}],"wp:featuredmedia":[{"embeddable":true,"href":"https:\/\/agora.xtec.cat\/iesdecelra\/wp-json\/wp\/v2\/media\/1888"}],"wp:attachment":[{"href":"https:\/\/agora.xtec.cat\/iesdecelra\/wp-json\/wp\/v2\/media?parent=1887"}],"wp:term":[{"taxonomy":"category","embeddable":true,"href":"https:\/\/agora.xtec.cat\/iesdecelra\/wp-json\/wp\/v2\/categories?post=1887"},{"taxonomy":"post_tag","embeddable":true,"href":"https:\/\/agora.xtec.cat\/iesdecelra\/wp-json\/wp\/v2\/tags?post=1887"}],"curies":[{"name":"wp","href":"https:\/\/api.w.org\/{rel}","templated":true}]}}