{"id":1884,"date":"2019-04-08T19:52:57","date_gmt":"2019-04-08T17:52:57","guid":{"rendered":"http:\/\/agora.xtec.cat\/iesdecelra\/?p=1884"},"modified":"2019-04-08T21:32:39","modified_gmt":"2019-04-08T19:32:39","slug":"fotografies-dels-viatgers","status":"publish","type":"post","link":"https:\/\/agora.xtec.cat\/iesdecelra\/cursos\/eso\/eso-4\/fotografies-dels-viatgers\/","title":{"rendered":"FOTOGRAFIES DELS VIATGERS"},"content":{"rendered":"<p>Aquesta setmana tenim un nombr\u00f3s grup d&#8217;alumnes de 2n de batxillerat a Sevilla i un grup encara m\u00e9s nombr\u00f3s de 4t d&#8217;ESO al Pa\u00eds Basc. Els primers tenen sol i bon temps; els segons&#8230; al pa\u00eds Basc&#8230; una mica de pluja!<\/p>\n<p>Aquesta era la primera versi\u00f3 del text, per\u00f2 al vespre hem sabut que a Sevilla tamb\u00e9 hi plou! Ai, aquesta primavera!<\/p>\n<p>Us enllacem amb l&#8217;\u00e0lbum de fotografies que confiem anar omplint cada dia.<\/p>\n<p>Bon viatge a tots!\u00a0<a href=\"https:\/\/agora.xtec.cat\/iesdecelra\/wp-content\/uploads\/usu1789\/2019\/04\/viatges1.jpg\"><img loading=\"lazy\" decoding=\"async\" class=\"wp-image-1885 aligncenter\" src=\"https:\/\/agora.xtec.cat\/iesdecelra\/wp-content\/uploads\/usu1789\/2019\/04\/viatges1.jpg\" alt=\"\" width=\"455\" height=\"607\" srcset=\"https:\/\/agora.xtec.cat\/iesdecelra\/wp-content\/uploads\/usu1789\/2019\/04\/viatges1.jpg 600w, https:\/\/agora.xtec.cat\/iesdecelra\/wp-content\/uploads\/usu1789\/2019\/04\/viatges1-225x300.jpg 225w\" sizes=\"auto, (max-width: 455px) 100vw, 455px\" \/><\/a><\/p>\n<p style=\"text-align: center;\"><a href=\"https:\/\/photos.app.goo.gl\/KNfYH36wVo42Bwwk7\">\u00c0LBUM DE VIATGES 2019<\/a><\/p>\n","protected":false},"excerpt":{"rendered":"<p>Aquesta setmana tenim un nombr\u00f3s grup d&#8217;alumnes de 2n de batxillerat a Sevilla i un grup encara m\u00e9s nombr\u00f3s de 4t d&#8217;ESO al Pa\u00eds Basc. Els primers tenen sol i bon temps; els segons&#8230; al pa\u00eds Basc&#8230; una mica de pluja!<br \/>\nAquesta era la primera versi\u00f3&hellip;  <a href=\"https:\/\/agora.xtec.cat\/iesdecelra\/cursos\/eso\/eso-4\/fotografies-dels-viatgers\/\" title=\"Read FOTOGRAFIES DELS VIATGERS\">Llegeix m\u00e9s\u00bb<\/a><\/p>\n","protected":false},"author":1,"featured_media":1885,"comment_status":"closed","ping_status":"closed","sticky":false,"template":"","format":"standard","meta":{"_bbp_topic_count":0,"_bbp_reply_count":0,"_bbp_total_topic_count":0,"_bbp_total_reply_count":0,"_bbp_voice_count":0,"_bbp_anonymous_reply_count":0,"_bbp_topic_count_hidden":0,"_bbp_reply_count_hidden":0,"_bbp_forum_subforum_count":0,"footnotes":""},"categories":[103,8,7],"tags":[117,197,198,196],"class_list":["post-1884","post","type-post","status-publish","format-standard","has-post-thumbnail","hentry","category-actualitat","category-batxillerat","category-eso-4","tag-curs-2018-2019","tag-pais-basc","tag-sevilla","tag-viatges"],"post_mailing_queue_ids":[],"_links":{"self":[{"href":"https:\/\/agora.xtec.cat\/iesdecelra\/wp-json\/wp\/v2\/posts\/1884","targetHints":{"allow":["GET"]}}],"collection":[{"href":"https:\/\/agora.xtec.cat\/iesdecelra\/wp-json\/wp\/v2\/posts"}],"about":[{"href":"https:\/\/agora.xtec.cat\/iesdecelra\/wp-json\/wp\/v2\/types\/post"}],"author":[{"embeddable":true,"href":"https:\/\/agora.xtec.cat\/iesdecelra\/wp-json\/wp\/v2\/users\/1"}],"replies":[{"embeddable":true,"href":"https:\/\/agora.xtec.cat\/iesdecelra\/wp-json\/wp\/v2\/comments?post=1884"}],"version-history":[{"count":2,"href":"https:\/\/agora.xtec.cat\/iesdecelra\/wp-json\/wp\/v2\/posts\/1884\/revisions"}],"predecessor-version":[{"id":1891,"href":"https:\/\/agora.xtec.cat\/iesdecelra\/wp-json\/wp\/v2\/posts\/1884\/revisions\/1891"}],"wp:featuredmedia":[{"embeddable":true,"href":"https:\/\/agora.xtec.cat\/iesdecelra\/wp-json\/wp\/v2\/media\/1885"}],"wp:attachment":[{"href":"https:\/\/agora.xtec.cat\/iesdecelra\/wp-json\/wp\/v2\/media?parent=1884"}],"wp:term":[{"taxonomy":"category","embeddable":true,"href":"https:\/\/agora.xtec.cat\/iesdecelra\/wp-json\/wp\/v2\/categories?post=1884"},{"taxonomy":"post_tag","embeddable":true,"href":"https:\/\/agora.xtec.cat\/iesdecelra\/wp-json\/wp\/v2\/tags?post=1884"}],"curies":[{"name":"wp","href":"https:\/\/api.w.org\/{rel}","templated":true}]}}