{"id":1866,"date":"2019-03-30T18:17:10","date_gmt":"2019-03-30T17:17:10","guid":{"rendered":"http:\/\/agora.xtec.cat\/iesdecelra\/?p=1866"},"modified":"2019-03-30T18:17:10","modified_gmt":"2019-03-30T17:17:10","slug":"llegir-es-fantastic","status":"publish","type":"post","link":"https:\/\/agora.xtec.cat\/iesdecelra\/actualitat\/llegir-es-fantastic\/","title":{"rendered":"LLEGIR \u00c9S FANT\u00c0STIC!"},"content":{"rendered":"<p>Aquesta setmana heu vist que hem empaperat l&#8217;institut amb cartells grocs que ens conviden a participar de l&#8217;activitat <em>Llegir \u00e9s fant\u00e0stic<\/em>. Aix\u00ed, seguint l&#8217;experi\u00e8ncies d&#8217;altres instituts,\u00a0des de la Biblioteca s&#8217;ha organitzat aquesta activitat per a alumnes, professors i personal no docent; i si algun pare o mare hi vol participar, tamb\u00e9 hi ser\u00e0 molt benvingut!<\/p>\n<p>Us adjuntem el cartell perqu\u00e8 si encara no ho heu fet, us animeu a fotografiar-vos llegint!<\/p>\n<p><a href=\"https:\/\/agora.xtec.cat\/iesdecelra\/wp-content\/uploads\/usu1789\/2019\/03\/Captura-de-pantalla-2019-03-30-a-les-18.10.50.png\"><img loading=\"lazy\" decoding=\"async\" class=\"size-full wp-image-1867 aligncenter\" src=\"https:\/\/agora.xtec.cat\/iesdecelra\/wp-content\/uploads\/usu1789\/2019\/03\/Captura-de-pantalla-2019-03-30-a-les-18.10.50.png\" alt=\"\" width=\"993\" height=\"676\" srcset=\"https:\/\/agora.xtec.cat\/iesdecelra\/wp-content\/uploads\/usu1789\/2019\/03\/Captura-de-pantalla-2019-03-30-a-les-18.10.50.png 993w, https:\/\/agora.xtec.cat\/iesdecelra\/wp-content\/uploads\/usu1789\/2019\/03\/Captura-de-pantalla-2019-03-30-a-les-18.10.50-300x204.png 300w, https:\/\/agora.xtec.cat\/iesdecelra\/wp-content\/uploads\/usu1789\/2019\/03\/Captura-de-pantalla-2019-03-30-a-les-18.10.50-768x523.png 768w\" sizes=\"auto, (max-width: 993px) 100vw, 993px\" \/><\/a><\/p>\n","protected":false},"excerpt":{"rendered":"<p>Aquesta setmana heu vist que hem empaperat l&#8217;institut amb cartells grocs que ens conviden a participar de l&#8217;activitat Llegir \u00e9s fant\u00e0stic. Aix\u00ed, seguint l&#8217;experi\u00e8ncies d&#8217;altres instituts,\u00a0des de la Biblioteca s&#8217;ha organitzat aquesta activitat per a alumnes, professors i personal no docent; i si algun pare&hellip;  <a href=\"https:\/\/agora.xtec.cat\/iesdecelra\/actualitat\/llegir-es-fantastic\/\" title=\"Read LLEGIR \u00c9S FANT\u00c0STIC!\">Llegeix m\u00e9s\u00bb<\/a><\/p>\n","protected":false},"author":1,"featured_media":1868,"comment_status":"open","ping_status":"closed","sticky":false,"template":"","format":"standard","meta":{"_bbp_topic_count":0,"_bbp_reply_count":0,"_bbp_total_topic_count":0,"_bbp_total_reply_count":0,"_bbp_voice_count":0,"_bbp_anonymous_reply_count":0,"_bbp_topic_count_hidden":0,"_bbp_reply_count_hidden":0,"_bbp_forum_subforum_count":0,"footnotes":""},"categories":[103],"tags":[130,168,117,38],"class_list":["post-1866","post","type-post","status-publish","format-standard","has-post-thumbnail","hentry","category-actualitat","tag-biblioteca","tag-concursos","tag-curs-2018-2019","tag-sant-jordi"],"post_mailing_queue_ids":[],"_links":{"self":[{"href":"https:\/\/agora.xtec.cat\/iesdecelra\/wp-json\/wp\/v2\/posts\/1866","targetHints":{"allow":["GET"]}}],"collection":[{"href":"https:\/\/agora.xtec.cat\/iesdecelra\/wp-json\/wp\/v2\/posts"}],"about":[{"href":"https:\/\/agora.xtec.cat\/iesdecelra\/wp-json\/wp\/v2\/types\/post"}],"author":[{"embeddable":true,"href":"https:\/\/agora.xtec.cat\/iesdecelra\/wp-json\/wp\/v2\/users\/1"}],"replies":[{"embeddable":true,"href":"https:\/\/agora.xtec.cat\/iesdecelra\/wp-json\/wp\/v2\/comments?post=1866"}],"version-history":[{"count":1,"href":"https:\/\/agora.xtec.cat\/iesdecelra\/wp-json\/wp\/v2\/posts\/1866\/revisions"}],"predecessor-version":[{"id":1869,"href":"https:\/\/agora.xtec.cat\/iesdecelra\/wp-json\/wp\/v2\/posts\/1866\/revisions\/1869"}],"wp:featuredmedia":[{"embeddable":true,"href":"https:\/\/agora.xtec.cat\/iesdecelra\/wp-json\/wp\/v2\/media\/1868"}],"wp:attachment":[{"href":"https:\/\/agora.xtec.cat\/iesdecelra\/wp-json\/wp\/v2\/media?parent=1866"}],"wp:term":[{"taxonomy":"category","embeddable":true,"href":"https:\/\/agora.xtec.cat\/iesdecelra\/wp-json\/wp\/v2\/categories?post=1866"},{"taxonomy":"post_tag","embeddable":true,"href":"https:\/\/agora.xtec.cat\/iesdecelra\/wp-json\/wp\/v2\/tags?post=1866"}],"curies":[{"name":"wp","href":"https:\/\/api.w.org\/{rel}","templated":true}]}}