{"id":1833,"date":"2019-03-25T11:16:34","date_gmt":"2019-03-25T10:16:34","guid":{"rendered":"http:\/\/agora.xtec.cat\/iesdecelra\/?p=1833"},"modified":"2019-03-25T11:18:02","modified_gmt":"2019-03-25T10:18:02","slug":"participacio-al-concurs-de-coca-cola-en-castella","status":"publish","type":"post","link":"https:\/\/agora.xtec.cat\/iesdecelra\/cursos\/eso\/eso-2\/participacio-al-concurs-de-coca-cola-en-castella\/","title":{"rendered":"PARTICIPACI\u00d3 AL CONCURS DE REDACCI\u00d3 COCA-COLA EN CASTELL\u00c0"},"content":{"rendered":"<p style=\"text-align: justify;\">Dissabte 23 de mar\u00e7 es va celebrar la 59\u00aa edici\u00f3 del Concurs de Joves Talents de Relat Curt en castell\u00e0 que organitza CocaCola. Es va dur a terme a la Universitat Polit\u00e8cnica de Girona. De l&#8217;institut de Celr\u00e0 hi van participar vuit alumnes: Biel Buisac, Dani Chicano, Maria Farrugia, Jana Got, Valentino Ranocchi, S\u00f2nia Roch, Isona Serrats i Andrea Trias.<\/p>\n<p style=\"text-align: justify;\">El tema de redacci\u00f3 tenia com a pretext un rellotge de sorra que cada estudiant trobava sobre la seva taula i en qu\u00e8 hi havia gravada una frase que havia d&#8217;apar\u00e8ixer en el text: &#8220;ERA NECESARIO PARAR EL TIEMPO&#8221;. Els alumnes van sortir molt contents i satisfets de l&#8217;activitat que van fer entre una hora i mitja i dues hores. Aquesta sensaci\u00f3 ja \u00e9s un premi personal, per\u00f2 esperem que d&#8217;aqu\u00ed unes setmanes alg\u00fa d&#8217;ells rebi un dels premis provincials i qui sap si anir\u00e0 a la fase auton\u00f2mica.<\/p>\n<p><a href=\"https:\/\/agora.xtec.cat\/iesdecelra\/wp-content\/uploads\/usu1789\/2019\/03\/20190325_111141-COLLAGE.jpg\"><img loading=\"lazy\" decoding=\"async\" class=\"wp-image-1834 alignleft\" src=\"https:\/\/agora.xtec.cat\/iesdecelra\/wp-content\/uploads\/usu1789\/2019\/03\/20190325_111141-COLLAGE.jpg\" alt=\"\" width=\"468\" height=\"446\" \/><\/a> <a href=\"https:\/\/agora.xtec.cat\/iesdecelra\/wp-content\/uploads\/usu1789\/2019\/03\/IMG_20190323_105715.jpg\"><img loading=\"lazy\" decoding=\"async\" class=\"alignnone wp-image-1835\" src=\"https:\/\/agora.xtec.cat\/iesdecelra\/wp-content\/uploads\/usu1789\/2019\/03\/IMG_20190323_105715-1024x575.jpg\" alt=\"\" width=\"366\" height=\"206\" srcset=\"https:\/\/agora.xtec.cat\/iesdecelra\/wp-content\/uploads\/usu1789\/2019\/03\/IMG_20190323_105715-1024x575.jpg 1024w, https:\/\/agora.xtec.cat\/iesdecelra\/wp-content\/uploads\/usu1789\/2019\/03\/IMG_20190323_105715-300x168.jpg 300w, https:\/\/agora.xtec.cat\/iesdecelra\/wp-content\/uploads\/usu1789\/2019\/03\/IMG_20190323_105715-768x431.jpg 768w\" sizes=\"auto, (max-width: 366px) 100vw, 366px\" \/><\/a> <a href=\"https:\/\/agora.xtec.cat\/iesdecelra\/wp-content\/uploads\/usu1789\/2019\/03\/IMG_20190323_105433.jpg\"><img loading=\"lazy\" decoding=\"async\" class=\"wp-image-1836 aligncenter\" src=\"https:\/\/agora.xtec.cat\/iesdecelra\/wp-content\/uploads\/usu1789\/2019\/03\/IMG_20190323_105433-575x1024.jpg\" alt=\"\" width=\"214\" height=\"381\" srcset=\"https:\/\/agora.xtec.cat\/iesdecelra\/wp-content\/uploads\/usu1789\/2019\/03\/IMG_20190323_105433-575x1024.jpg 575w, https:\/\/agora.xtec.cat\/iesdecelra\/wp-content\/uploads\/usu1789\/2019\/03\/IMG_20190323_105433-168x300.jpg 168w, https:\/\/agora.xtec.cat\/iesdecelra\/wp-content\/uploads\/usu1789\/2019\/03\/IMG_20190323_105433-768x1368.jpg 768w\" sizes=\"auto, (max-width: 214px) 100vw, 214px\" \/><\/a><\/p>\n","protected":false},"excerpt":{"rendered":"<p>Dissabte 23 de mar\u00e7 es va celebrar la 59\u00aa edici\u00f3 del Concurs de Joves Talents de Relat Curt en castell\u00e0 que organitza CocaCola. Es va dur a terme a la Universitat Polit\u00e8cnica de Girona. De l&#8217;institut de Celr\u00e0 hi van participar vuit alumnes: Biel Buisac,&hellip;  <a href=\"https:\/\/agora.xtec.cat\/iesdecelra\/cursos\/eso\/eso-2\/participacio-al-concurs-de-coca-cola-en-castella\/\" title=\"Read PARTICIPACI\u00d3 AL CONCURS DE REDACCI\u00d3 COCA-COLA EN CASTELL\u00c0\">Llegeix m\u00e9s\u00bb<\/a><\/p>\n","protected":false},"author":1,"featured_media":1834,"comment_status":"open","ping_status":"closed","sticky":false,"template":"","format":"standard","meta":{"_bbp_topic_count":0,"_bbp_reply_count":0,"_bbp_total_topic_count":0,"_bbp_total_reply_count":0,"_bbp_voice_count":0,"_bbp_anonymous_reply_count":0,"_bbp_topic_count_hidden":0,"_bbp_reply_count_hidden":0,"_bbp_forum_subforum_count":0,"footnotes":""},"categories":[103,5],"tags":[168,117,174],"class_list":["post-1833","post","type-post","status-publish","format-standard","has-post-thumbnail","hentry","category-actualitat","category-eso-2","tag-concursos","tag-curs-2018-2019","tag-departament-de-castella"],"post_mailing_queue_ids":[],"_links":{"self":[{"href":"https:\/\/agora.xtec.cat\/iesdecelra\/wp-json\/wp\/v2\/posts\/1833","targetHints":{"allow":["GET"]}}],"collection":[{"href":"https:\/\/agora.xtec.cat\/iesdecelra\/wp-json\/wp\/v2\/posts"}],"about":[{"href":"https:\/\/agora.xtec.cat\/iesdecelra\/wp-json\/wp\/v2\/types\/post"}],"author":[{"embeddable":true,"href":"https:\/\/agora.xtec.cat\/iesdecelra\/wp-json\/wp\/v2\/users\/1"}],"replies":[{"embeddable":true,"href":"https:\/\/agora.xtec.cat\/iesdecelra\/wp-json\/wp\/v2\/comments?post=1833"}],"version-history":[{"count":2,"href":"https:\/\/agora.xtec.cat\/iesdecelra\/wp-json\/wp\/v2\/posts\/1833\/revisions"}],"predecessor-version":[{"id":1838,"href":"https:\/\/agora.xtec.cat\/iesdecelra\/wp-json\/wp\/v2\/posts\/1833\/revisions\/1838"}],"wp:featuredmedia":[{"embeddable":true,"href":"https:\/\/agora.xtec.cat\/iesdecelra\/wp-json\/wp\/v2\/media\/1834"}],"wp:attachment":[{"href":"https:\/\/agora.xtec.cat\/iesdecelra\/wp-json\/wp\/v2\/media?parent=1833"}],"wp:term":[{"taxonomy":"category","embeddable":true,"href":"https:\/\/agora.xtec.cat\/iesdecelra\/wp-json\/wp\/v2\/categories?post=1833"},{"taxonomy":"post_tag","embeddable":true,"href":"https:\/\/agora.xtec.cat\/iesdecelra\/wp-json\/wp\/v2\/tags?post=1833"}],"curies":[{"name":"wp","href":"https:\/\/api.w.org\/{rel}","templated":true}]}}