{"id":1820,"date":"2019-03-21T10:01:38","date_gmt":"2019-03-21T09:01:38","guid":{"rendered":"http:\/\/agora.xtec.cat\/iesdecelra\/?p=1820"},"modified":"2019-03-21T10:48:07","modified_gmt":"2019-03-21T09:48:07","slug":"dia-internacional-de-la-poesia-2","status":"publish","type":"post","link":"https:\/\/agora.xtec.cat\/iesdecelra\/actualitat\/dia-internacional-de-la-poesia-2\/","title":{"rendered":"DIA MUNDIAL DE LA POESIA"},"content":{"rendered":"<p>Avui dijous dia 21 de mar\u00e7 \u00e9s el Dia Mundial de la Poesia. Des de la Comissi\u00f3 de refugiats de l&#8217;Institut han proposat que la can\u00e7\u00f3 que soni aquesta setmana sigui <em>Podries<\/em> de Roba Estesa. Aquesta can\u00e7\u00f3 \u00e9s un poema musicat de Joana Raspall. Esperem que us agradi!<\/p>\n<p><iframe loading=\"lazy\" title=\"Roba Estesa - 10 Podries [DESCALCES]\" width=\"500\" height=\"281\" src=\"https:\/\/www.youtube.com\/embed\/Cx9mUyVMgtk?feature=oembed\" frameborder=\"0\" allow=\"accelerometer; autoplay; clipboard-write; encrypted-media; gyroscope; picture-in-picture; web-share\" referrerpolicy=\"strict-origin-when-cross-origin\" allowfullscreen><\/iframe><\/p>\n<p>Us adjuntem el poema de Joana Raspall.<\/p>\n<p><a href=\"https:\/\/agora.xtec.cat\/iesdecelra\/wp-content\/uploads\/usu1789\/2019\/03\/Captura-de-pantalla-2019-03-18-a-les-10.52.52.png\"><img loading=\"lazy\" decoding=\"async\" class=\"alignnone size-full wp-image-1796\" src=\"https:\/\/agora.xtec.cat\/iesdecelra\/wp-content\/uploads\/usu1789\/2019\/03\/Captura-de-pantalla-2019-03-18-a-les-10.52.52.png\" alt=\"\" width=\"344\" height=\"900\" srcset=\"https:\/\/agora.xtec.cat\/iesdecelra\/wp-content\/uploads\/usu1789\/2019\/03\/Captura-de-pantalla-2019-03-18-a-les-10.52.52.png 344w, https:\/\/agora.xtec.cat\/iesdecelra\/wp-content\/uploads\/usu1789\/2019\/03\/Captura-de-pantalla-2019-03-18-a-les-10.52.52-115x300.png 115w\" sizes=\"auto, (max-width: 344px) 100vw, 344px\" \/><\/a><\/p>\n<p>I tamb\u00e9 una altra versi\u00f3 musicada del poema. En aquest cas la m\u00fasica i la veu s\u00f3n de Joan Daus\u00e0.<\/p>\n<p>&nbsp;<\/p>\n<p><a href=\"https:\/\/youtu.be\/bewzZazKSP0\">https:\/\/youtu.be\/bewzZazKSP0<\/a><\/p>\n<p>&nbsp;<\/p>\n<p>&nbsp;<\/p>\n","protected":false},"excerpt":{"rendered":"<p>Avui dijous dia 21 de mar\u00e7 \u00e9s el Dia Mundial de la Poesia. Des de la Comissi\u00f3 de refugiats de l&#8217;Institut han proposat que la can\u00e7\u00f3 que soni aquesta setmana sigui Podries de Roba Estesa. Aquesta can\u00e7\u00f3 \u00e9s un poema musicat de Joana Raspall. Esperem&hellip;  <a href=\"https:\/\/agora.xtec.cat\/iesdecelra\/actualitat\/dia-internacional-de-la-poesia-2\/\" title=\"Read DIA MUNDIAL DE LA POESIA\">Llegeix m\u00e9s\u00bb<\/a><\/p>\n","protected":false},"author":1,"featured_media":1801,"comment_status":"open","ping_status":"closed","sticky":false,"template":"","format":"standard","meta":{"_bbp_topic_count":0,"_bbp_reply_count":0,"_bbp_total_topic_count":0,"_bbp_total_reply_count":0,"_bbp_voice_count":0,"_bbp_anonymous_reply_count":0,"_bbp_topic_count_hidden":0,"_bbp_reply_count_hidden":0,"_bbp_forum_subforum_count":0,"footnotes":""},"categories":[103],"tags":[172,117,190],"class_list":["post-1820","post","type-post","status-publish","format-standard","has-post-thumbnail","hentry","category-actualitat","tag-comissio-de-refugiats","tag-curs-2018-2019","tag-poesia"],"post_mailing_queue_ids":[],"_links":{"self":[{"href":"https:\/\/agora.xtec.cat\/iesdecelra\/wp-json\/wp\/v2\/posts\/1820","targetHints":{"allow":["GET"]}}],"collection":[{"href":"https:\/\/agora.xtec.cat\/iesdecelra\/wp-json\/wp\/v2\/posts"}],"about":[{"href":"https:\/\/agora.xtec.cat\/iesdecelra\/wp-json\/wp\/v2\/types\/post"}],"author":[{"embeddable":true,"href":"https:\/\/agora.xtec.cat\/iesdecelra\/wp-json\/wp\/v2\/users\/1"}],"replies":[{"embeddable":true,"href":"https:\/\/agora.xtec.cat\/iesdecelra\/wp-json\/wp\/v2\/comments?post=1820"}],"version-history":[{"count":2,"href":"https:\/\/agora.xtec.cat\/iesdecelra\/wp-json\/wp\/v2\/posts\/1820\/revisions"}],"predecessor-version":[{"id":1822,"href":"https:\/\/agora.xtec.cat\/iesdecelra\/wp-json\/wp\/v2\/posts\/1820\/revisions\/1822"}],"wp:featuredmedia":[{"embeddable":true,"href":"https:\/\/agora.xtec.cat\/iesdecelra\/wp-json\/wp\/v2\/media\/1801"}],"wp:attachment":[{"href":"https:\/\/agora.xtec.cat\/iesdecelra\/wp-json\/wp\/v2\/media?parent=1820"}],"wp:term":[{"taxonomy":"category","embeddable":true,"href":"https:\/\/agora.xtec.cat\/iesdecelra\/wp-json\/wp\/v2\/categories?post=1820"},{"taxonomy":"post_tag","embeddable":true,"href":"https:\/\/agora.xtec.cat\/iesdecelra\/wp-json\/wp\/v2\/tags?post=1820"}],"curies":[{"name":"wp","href":"https:\/\/api.w.org\/{rel}","templated":true}]}}