{"id":1816,"date":"2019-03-20T11:29:01","date_gmt":"2019-03-20T10:29:01","guid":{"rendered":"http:\/\/agora.xtec.cat\/iesdecelra\/?p=1816"},"modified":"2019-03-27T11:08:20","modified_gmt":"2019-03-27T10:08:20","slug":"els-meus-tres-primers-mesos","status":"publish","type":"post","link":"https:\/\/agora.xtec.cat\/iesdecelra\/general\/els-meus-tres-primers-mesos\/","title":{"rendered":"ELS MEUS TRES PRIMERS MESOS"},"content":{"rendered":"<p><span style=\"font-weight: 400;\">La meva mare, la Laura Nadal Fiol, sempre m\u2019explica que el dia 14 de juliol del 2006, ella es va estar tot el dia amb contraccions, fins que al final va trencar aig\u00fces. Havien d\u2019anar a l\u2019hospital i per aix\u00f2 van trucar a la meva \u00e0via, que viu a Pals, perqu\u00e8 vingu\u00e9s a cuidar les meves germanes. Com que tardava molt i els meus pares havien de marxar r\u00e0pidament a l\u2019hospital, les van deixar amb uns ve\u00efns.<\/span><\/p>\n<p><span style=\"font-weight: 400;\">Dues hores m\u00e9s tard jo ja havia nascut. L&#8217;endem\u00e0 al mat\u00ec la Caterina i la Bruna van venir-me a veure i al cap de tres dies em van deixar tornar cap a casa.<\/span><\/p>\n<p><span style=\"font-weight: 400;\">La meva mare tamb\u00e9 m\u2019explica com van ser els meus cinc primers mesos. Em diu que van ser cansats per ells, perqu\u00e8 jo i les meves germanes \u00e9rem molt petites. La Caterina tenia 3 anys encara no havia comen\u00e7at P3, i la Bruna tenia 1 any i 4 mesos. Com que era estiu no tenien escola.<\/span><\/p>\n<p><span style=\"font-weight: 400;\">jo vaig prendre el pit fins als nou mesos. Tamb\u00e9 era un n<a href=\"https:\/\/agora.xtec.cat\/iesdecelra\/wp-content\/uploads\/usu1789\/2019\/03\/Captura-2.png\"><img loading=\"lazy\" decoding=\"async\" class=\"size-full wp-image-1817 alignright\" src=\"https:\/\/agora.xtec.cat\/iesdecelra\/wp-content\/uploads\/usu1789\/2019\/03\/Captura-2.png\" alt=\"\" width=\"266\" height=\"222\" \/><\/a>ad\u00f3 a qui m&#8217;agradava molt estar a bra\u00e7os dels meus pares. Aix\u00ed que\u00a0<\/span><span style=\"font-family: inherit; font-size: 1em;\">m\u2019havien d\u2019adormir a bra\u00e7os i despr\u00e9s em posaven en al bressol. Jo no em solia posar malalta perqu\u00e8 menjava llet de la meva mare i em passava defenses, per\u00f2 s\u00ed que tenia la pell at\u00f2pica per aix\u00f2 m\u2019havien de posar cremes i sabons especials.<\/span><\/p>\n<p><span style=\"font-weight: 400;\">Les meves germanes es portaven b\u00e9 amb mi, tot i que la Bruna tenia gel\u00f3s i per aix\u00f2 alguna vegada em tirava coses que trobava dins al bressol i algun cop m&#8217;empenyia .<\/span><\/p>\n<p><span style=\"font-weight: 400;\">Van ser tres primers mesos molt estressats per als meus pares, tot i que estaven molt contents: a la fam\u00edlia; ja \u00e9rem cinc.<\/span><\/p>\n<p><span style=\"font-weight: 400;\">\u00a0 \u00a0 \u00a0 \u00a0 \u00a0 \u00a0 \u00a0 \u00a0 \u00a0 \u00a0 \u00a0 \u00a0 \u00a0 \u00a0 \u00a0 \u00a0 \u00a0 \u00a0 \u00a0 \u00a0 \u00a0 \u00a0 \u00a0 \u00a0 \u00a0 \u00a0 \u00a0 \u00a0 \u00a0 \u00a0 \u00a0 \u00a0 \u00a0 \u00a0 \u00a0 \u00a0 \u00a0 \u00a0 \u00a0 \u00a0 \u00a0 \u00a0 \u00a0 \u00a0 \u00a0 \u00a0 \u00a0 \u00a0 \u00a0 \u00a0 \u00a0 \u00a0 \u00a0 \u00a0 \u00a0 \u00a0C\u00c8LIA PERIS<\/span><\/p>\n<p><span style=\"font-weight: 400;\">\u00a0 \u00a0 \u00a0 \u00a0 \u00a0 \u00a0 \u00a0 \u00a0 \u00a0 \u00a0 \u00a0 \u00a0 \u00a0 \u00a0 \u00a0 \u00a0 \u00a0 \u00a0 \u00a0 \u00a0 \u00a0 \u00a0 \u00a0 \u00a0 \u00a0 \u00a0 \u00a0 \u00a0 \u00a0 \u00a0 \u00a0 \u00a0 \u00a0 \u00a0 \u00a0 \u00a0 \u00a0 \u00a0 \u00a0 \u00a0 \u00a0 \u00a0 \u00a0 \u00a0 \u00a0 \u00a0 \u00a0 \u00a0 \u00a0 \u00a0 \u00a0 \u00a0 \u00a0 \u00a0 \u00a0 \u00a0 \u00a0 \u00a0<\/span><span style=\"font-weight: 400;\">\u00a0 \u00a0 \u00a0 \u00a0 \u00a0 \u00a0 \u00a0 \u00a0 \u00a0 \u00a0 \u00a0 \u00a0 \u00a0 \u00a0 \u00a0 \u00a0 \u00a0 \u00a0 \u00a0 \u00a0 \u00a0 \u00a0 \u00a0 \u00a0 \u00a0 \u00a0 \u00a0 \u00a0 \u00a0 \u00a0 \u00a0 \u00a0 \u00a0 \u00a0 \u00a0 \u00a0 \u00a0 \u00a0 \u00a0 \u00a0 \u00a0 \u00a0 \u00a0 \u00a0 \u00a0 \u00a0 \u00a0 \u00a0 \u00a0 \u00a0 \u00a0 \u00a0 \u00a0\u00a0<\/span><\/p>\n","protected":false},"excerpt":{"rendered":"<p>La meva mare, la Laura Nadal Fiol, sempre m\u2019explica que el dia 14 de juliol del 2006, ella es va estar tot el dia amb contraccions, fins que al final va trencar aig\u00fces. Havien d\u2019anar a l\u2019hospital i per aix\u00f2 van trucar a la meva&hellip;  <a href=\"https:\/\/agora.xtec.cat\/iesdecelra\/general\/els-meus-tres-primers-mesos\/\" title=\"Read ELS MEUS TRES PRIMERS MESOS\">Llegeix m\u00e9s\u00bb<\/a><\/p>\n","protected":false},"author":1,"featured_media":0,"comment_status":"closed","ping_status":"closed","sticky":false,"template":"","format":"standard","meta":{"_bbp_topic_count":0,"_bbp_reply_count":0,"_bbp_total_topic_count":0,"_bbp_total_reply_count":0,"_bbp_voice_count":0,"_bbp_anonymous_reply_count":0,"_bbp_topic_count_hidden":0,"_bbp_reply_count_hidden":0,"_bbp_forum_subforum_count":0,"footnotes":""},"categories":[182,1],"tags":[192,117,191,193],"class_list":["post-1816","post","type-post","status-publish","format-standard","hentry","category-aparador-de-textos","category-general","tag-catala","tag-curs-2018-2019","tag-records-pares","tag-textos-1r-eso"],"post_mailing_queue_ids":[],"_links":{"self":[{"href":"https:\/\/agora.xtec.cat\/iesdecelra\/wp-json\/wp\/v2\/posts\/1816","targetHints":{"allow":["GET"]}}],"collection":[{"href":"https:\/\/agora.xtec.cat\/iesdecelra\/wp-json\/wp\/v2\/posts"}],"about":[{"href":"https:\/\/agora.xtec.cat\/iesdecelra\/wp-json\/wp\/v2\/types\/post"}],"author":[{"embeddable":true,"href":"https:\/\/agora.xtec.cat\/iesdecelra\/wp-json\/wp\/v2\/users\/1"}],"replies":[{"embeddable":true,"href":"https:\/\/agora.xtec.cat\/iesdecelra\/wp-json\/wp\/v2\/comments?post=1816"}],"version-history":[{"count":1,"href":"https:\/\/agora.xtec.cat\/iesdecelra\/wp-json\/wp\/v2\/posts\/1816\/revisions"}],"predecessor-version":[{"id":1818,"href":"https:\/\/agora.xtec.cat\/iesdecelra\/wp-json\/wp\/v2\/posts\/1816\/revisions\/1818"}],"wp:attachment":[{"href":"https:\/\/agora.xtec.cat\/iesdecelra\/wp-json\/wp\/v2\/media?parent=1816"}],"wp:term":[{"taxonomy":"category","embeddable":true,"href":"https:\/\/agora.xtec.cat\/iesdecelra\/wp-json\/wp\/v2\/categories?post=1816"},{"taxonomy":"post_tag","embeddable":true,"href":"https:\/\/agora.xtec.cat\/iesdecelra\/wp-json\/wp\/v2\/tags?post=1816"}],"curies":[{"name":"wp","href":"https:\/\/api.w.org\/{rel}","templated":true}]}}