{"id":1813,"date":"2019-03-20T11:20:54","date_gmt":"2019-03-20T10:20:54","guid":{"rendered":"http:\/\/agora.xtec.cat\/iesdecelra\/?p=1813"},"modified":"2019-03-27T11:27:29","modified_gmt":"2019-03-27T10:27:29","slug":"el-trasllat","status":"publish","type":"post","link":"https:\/\/agora.xtec.cat\/iesdecelra\/general\/el-trasllat\/","title":{"rendered":"EL TRASLLAT"},"content":{"rendered":"<p><span style=\"font-weight: 400;\">Vas n\u00e9ixer a la ciutat de Barcelona. Barcelona \u00e9s una ciutat molt interessant pels adults per\u00f2 una mica dif\u00edcil pels nens perqu\u00e8 hi ha pocs espais verds o l\u00facids. Aquesta va ser la ra\u00f3 per la qual vam decidir canviar de ciutat per guanyar en qualitat de vida. Vam triar Girona pensant que seria un bon lloc on criar-te.<\/span><\/p>\n<p><span style=\"font-weight: 400;\">Per organitzar el trasllat i la recerca de pis, an\u00e0vem tu i jo <a href=\"https:\/\/agora.xtec.cat\/iesdecelra\/wp-content\/uploads\/usu1789\/2019\/03\/Captura.png\"><img loading=\"lazy\" decoding=\"async\" class=\"size-full wp-image-1814 alignright\" src=\"https:\/\/agora.xtec.cat\/iesdecelra\/wp-content\/uploads\/usu1789\/2019\/03\/Captura.png\" alt=\"\" width=\"206\" height=\"161\" \/><\/a>a Girona a veure pisos i a la tarda ens qued\u00e0vem a Barcelona per empaquetar-ho tot. El pis de Barcelona, situat a l\u2019Eixample, era molt gran i va portar bastants dies de feina. Aleshores tu tenies deu mesos i va ser quan, enmig de caixes i paquets, vas comen\u00e7ar a caminar. Una tarda que estava a la sala posant els llibres en caixes, vaig adonar-me que no eres al teu rac\u00f3 amb les joguines. Com que no estava acostumada a que caminessis, no m\u2019havia adonat que havies marxat. Et vaig estar cridant: \u201cGreta, Greta, on ets?\u201d, i de seguida et vaig sentir com feies uns petits sons. Vaig anar seguint els teus sons fins que et vaig trobar \u00a0dins d\u2019una caixa del vestidor, on havies caigut i no podies sortir-ne. <\/span><\/p>\n<p><span style=\"font-weight: 400;\">R\u00e8iem fent broma amb el teu pare pensant que t\u2019havies posat a caminar per por que et deix\u00e9ssim al pis de Barcelona.<\/span><\/p>\n<p>&nbsp;<\/p>\n<p><span style=\"font-weight: 400;\">Greta Tarrida<\/span><\/p>\n<p><span style=\"font-weight: 400;\">1rA curs 2018-19<\/span><\/p>\n","protected":false},"excerpt":{"rendered":"<p>Vas n\u00e9ixer a la ciutat de Barcelona. Barcelona \u00e9s una ciutat molt interessant pels adults per\u00f2 una mica dif\u00edcil pels nens perqu\u00e8 hi ha pocs espais verds o l\u00facids. Aquesta va ser la ra\u00f3 per la qual vam decidir canviar de ciutat per guanyar en&hellip;  <a href=\"https:\/\/agora.xtec.cat\/iesdecelra\/general\/el-trasllat\/\" title=\"Read EL TRASLLAT\">Llegeix m\u00e9s\u00bb<\/a><\/p>\n","protected":false},"author":1,"featured_media":0,"comment_status":"closed","ping_status":"closed","sticky":false,"template":"","format":"standard","meta":{"_bbp_topic_count":0,"_bbp_reply_count":0,"_bbp_total_topic_count":0,"_bbp_total_reply_count":0,"_bbp_voice_count":0,"_bbp_anonymous_reply_count":0,"_bbp_topic_count_hidden":0,"_bbp_reply_count_hidden":0,"_bbp_forum_subforum_count":0,"footnotes":""},"categories":[182,1],"tags":[192,117,191,193],"class_list":["post-1813","post","type-post","status-publish","format-standard","hentry","category-aparador-de-textos","category-general","tag-catala","tag-curs-2018-2019","tag-records-pares","tag-textos-1r-eso"],"post_mailing_queue_ids":[],"_links":{"self":[{"href":"https:\/\/agora.xtec.cat\/iesdecelra\/wp-json\/wp\/v2\/posts\/1813","targetHints":{"allow":["GET"]}}],"collection":[{"href":"https:\/\/agora.xtec.cat\/iesdecelra\/wp-json\/wp\/v2\/posts"}],"about":[{"href":"https:\/\/agora.xtec.cat\/iesdecelra\/wp-json\/wp\/v2\/types\/post"}],"author":[{"embeddable":true,"href":"https:\/\/agora.xtec.cat\/iesdecelra\/wp-json\/wp\/v2\/users\/1"}],"replies":[{"embeddable":true,"href":"https:\/\/agora.xtec.cat\/iesdecelra\/wp-json\/wp\/v2\/comments?post=1813"}],"version-history":[{"count":1,"href":"https:\/\/agora.xtec.cat\/iesdecelra\/wp-json\/wp\/v2\/posts\/1813\/revisions"}],"predecessor-version":[{"id":1815,"href":"https:\/\/agora.xtec.cat\/iesdecelra\/wp-json\/wp\/v2\/posts\/1813\/revisions\/1815"}],"wp:attachment":[{"href":"https:\/\/agora.xtec.cat\/iesdecelra\/wp-json\/wp\/v2\/media?parent=1813"}],"wp:term":[{"taxonomy":"category","embeddable":true,"href":"https:\/\/agora.xtec.cat\/iesdecelra\/wp-json\/wp\/v2\/categories?post=1813"},{"taxonomy":"post_tag","embeddable":true,"href":"https:\/\/agora.xtec.cat\/iesdecelra\/wp-json\/wp\/v2\/tags?post=1813"}],"curies":[{"name":"wp","href":"https:\/\/api.w.org\/{rel}","templated":true}]}}