{"id":1777,"date":"2019-03-18T20:02:00","date_gmt":"2019-03-18T19:02:00","guid":{"rendered":"http:\/\/agora.xtec.cat\/iesdecelra\/?p=1777"},"modified":"2019-04-03T10:58:21","modified_gmt":"2019-04-03T08:58:21","slug":"2n-deso-a-besalu","status":"publish","type":"post","link":"https:\/\/agora.xtec.cat\/iesdecelra\/cursos\/eso\/eso-2\/2n-deso-a-besalu\/","title":{"rendered":"2n d&#8217;ESO A BESAL\u00da"},"content":{"rendered":"<p class=\"p1\"><span class=\"s1\">La setmana passada els alumnes de segon d&#8217;ESO van fer una sortida a Besal\u00fa, organitzada pel Departament de Socials.\u00a0<\/span><\/p>\n<p><span class=\"s1\" style=\"font-family: inherit; font-size: 1em;\">L&#8217;objectiu de l&#8217;activitat era descobrir <i>in situ<\/i> la ciutat medieval i l&#8217;art rom\u00e0nic, explicats a classe. Concretament, van visitar\u00a0<\/span><span style=\"font-family: inherit; font-size: 1em;\">el monestir de Sant Pere, l&#8217;esgl\u00e9sia de Sant Vicen\u00e7, l&#8217;hospital de Sant Juli\u00e0, el call jueu, el micv\u00e9 (banys rituals jueus, els tercers m\u00e9s importants dels conservats a Europa) i es van poder perdre pels carrers i carrerons del tra\u00e7at urban\u00edstic medieval.<\/span><\/p>\n<p><span style=\"font-family: inherit; font-size: 1em;\">Els professors els han fet un bon reportatge fotogr\u00e0fic!<\/span><\/p>\n<div>\n<p><iframe loading=\"lazy\" title=\"BESALU\u0301 2n ESO\" width=\"500\" height=\"281\" src=\"https:\/\/www.youtube.com\/embed\/hDHoFFdqh24?feature=oembed\" frameborder=\"0\" allow=\"accelerometer; autoplay; clipboard-write; encrypted-media; gyroscope; picture-in-picture; web-share\" referrerpolicy=\"strict-origin-when-cross-origin\" allowfullscreen><\/iframe><\/p>\n<\/div>\n<div><\/div>\n<div><\/div>\n<p style=\"text-align: center;\">\u00a0Podeu accedir a l&#8217;\u00e0lbum de fotografies clicant <a href=\"https:\/\/photos.app.goo.gl\/e6zCbWLbxqPR2a3z7\">AQU\u00cd<\/a>.<\/p>\n<div><\/div>\n<div class=\"p1\"><\/div>\n","protected":false},"excerpt":{"rendered":"<p>La setmana passada els alumnes de segon d&#8217;ESO van fer una sortida a Besal\u00fa, organitzada pel Departament de Socials.\u00a0<br \/>\nL&#8217;objectiu de l&#8217;activitat era descobrir in situ la ciutat medieval i l&#8217;art rom\u00e0nic, explicats a classe. Concretament, van visitar\u00a0el monestir de Sant Pere, l&#8217;esgl\u00e9sia de Sant Vicen\u00e7,&hellip;  <a href=\"https:\/\/agora.xtec.cat\/iesdecelra\/cursos\/eso\/eso-2\/2n-deso-a-besalu\/\" title=\"Read 2n d&#8217;ESO A BESAL\u00da\">Llegeix m\u00e9s\u00bb<\/a><\/p>\n","protected":false},"author":1,"featured_media":1779,"comment_status":"closed","ping_status":"closed","sticky":false,"template":"","format":"standard","meta":{"_bbp_topic_count":0,"_bbp_reply_count":0,"_bbp_total_topic_count":0,"_bbp_total_reply_count":0,"_bbp_voice_count":0,"_bbp_anonymous_reply_count":0,"_bbp_topic_count_hidden":0,"_bbp_reply_count_hidden":0,"_bbp_forum_subforum_count":0,"footnotes":""},"categories":[103,5],"tags":[189,117,175],"class_list":["post-1777","post","type-post","status-publish","format-standard","has-post-thumbnail","hentry","category-actualitat","category-eso-2","tag-besalu","tag-curs-2018-2019","tag-departament-de-socials"],"post_mailing_queue_ids":[],"_links":{"self":[{"href":"https:\/\/agora.xtec.cat\/iesdecelra\/wp-json\/wp\/v2\/posts\/1777","targetHints":{"allow":["GET"]}}],"collection":[{"href":"https:\/\/agora.xtec.cat\/iesdecelra\/wp-json\/wp\/v2\/posts"}],"about":[{"href":"https:\/\/agora.xtec.cat\/iesdecelra\/wp-json\/wp\/v2\/types\/post"}],"author":[{"embeddable":true,"href":"https:\/\/agora.xtec.cat\/iesdecelra\/wp-json\/wp\/v2\/users\/1"}],"replies":[{"embeddable":true,"href":"https:\/\/agora.xtec.cat\/iesdecelra\/wp-json\/wp\/v2\/comments?post=1777"}],"version-history":[{"count":3,"href":"https:\/\/agora.xtec.cat\/iesdecelra\/wp-json\/wp\/v2\/posts\/1777\/revisions"}],"predecessor-version":[{"id":1804,"href":"https:\/\/agora.xtec.cat\/iesdecelra\/wp-json\/wp\/v2\/posts\/1777\/revisions\/1804"}],"wp:featuredmedia":[{"embeddable":true,"href":"https:\/\/agora.xtec.cat\/iesdecelra\/wp-json\/wp\/v2\/media\/1779"}],"wp:attachment":[{"href":"https:\/\/agora.xtec.cat\/iesdecelra\/wp-json\/wp\/v2\/media?parent=1777"}],"wp:term":[{"taxonomy":"category","embeddable":true,"href":"https:\/\/agora.xtec.cat\/iesdecelra\/wp-json\/wp\/v2\/categories?post=1777"},{"taxonomy":"post_tag","embeddable":true,"href":"https:\/\/agora.xtec.cat\/iesdecelra\/wp-json\/wp\/v2\/tags?post=1777"}],"curies":[{"name":"wp","href":"https:\/\/api.w.org\/{rel}","templated":true}]}}