{"id":1770,"date":"2019-03-15T15:41:59","date_gmt":"2019-03-15T14:41:59","guid":{"rendered":"http:\/\/agora.xtec.cat\/iesdecelra\/?p=1770"},"modified":"2019-03-15T15:42:39","modified_gmt":"2019-03-15T14:42:39","slug":"participacio-a-la-ix-trobada-dalumnes-de-llati-de-les-comarques-gironines","status":"publish","type":"post","link":"https:\/\/agora.xtec.cat\/iesdecelra\/cursos\/eso\/eso-4\/participacio-a-la-ix-trobada-dalumnes-de-llati-de-les-comarques-gironines\/","title":{"rendered":"PARTICIPACI\u00d3 A LA IX TROBADA D&#8217;ALUMNES DE LLAT\u00cd DE LES COMARQUES GIRONINES"},"content":{"rendered":"<p>El \u00a0dijous 14 de mar\u00e7, <b>Pridie Idus Martias,\u00a0<\/b>els alumnes de Llat\u00ed de 4t varen participar a la IX Trobada d&#8217;alumnes de Llat\u00ed de les comarques gironines, juntament amb 35 instituts m\u00e9s. Enguany es va fer a Emp\u00faries. Es varen realitzar diversos tallers juntament amb alumnes d&#8217;altres instituts. Alguns dels tallers eren: Scriptum, Ludus, Legionarii, &#8230; Tamb\u00e9 es va representar una obra de dansa contempor\u00e0nia \u00a0sobre el mite del cap N&#8217;Orfeu. Es va cloure l&#8217;acte cantant el <em>Gaudeamus<\/em>.<\/p>\n<p><a href=\"https:\/\/agora.xtec.cat\/iesdecelra\/wp-content\/uploads\/usu1789\/2019\/03\/Captura-de-pantalla-2019-03-15-a-les-15.36.12.jpg\"><img loading=\"lazy\" decoding=\"async\" class=\"alignnone size-large wp-image-1774\" src=\"https:\/\/agora.xtec.cat\/iesdecelra\/wp-content\/uploads\/usu1789\/2019\/03\/Captura-de-pantalla-2019-03-15-a-les-15.36.12-1024x595.jpg\" alt=\"\" width=\"1024\" height=\"595\" srcset=\"https:\/\/agora.xtec.cat\/iesdecelra\/wp-content\/uploads\/usu1789\/2019\/03\/Captura-de-pantalla-2019-03-15-a-les-15.36.12-1024x595.jpg 1024w, https:\/\/agora.xtec.cat\/iesdecelra\/wp-content\/uploads\/usu1789\/2019\/03\/Captura-de-pantalla-2019-03-15-a-les-15.36.12-300x174.jpg 300w, https:\/\/agora.xtec.cat\/iesdecelra\/wp-content\/uploads\/usu1789\/2019\/03\/Captura-de-pantalla-2019-03-15-a-les-15.36.12-768x447.jpg 768w, https:\/\/agora.xtec.cat\/iesdecelra\/wp-content\/uploads\/usu1789\/2019\/03\/Captura-de-pantalla-2019-03-15-a-les-15.36.12.jpg 1608w\" sizes=\"auto, (max-width: 1024px) 100vw, 1024px\" \/><\/a><a href=\"https:\/\/agora.xtec.cat\/iesdecelra\/wp-content\/uploads\/usu1789\/2019\/03\/Captura-de-pantalla-2019-03-15-a-les-15.36.30.png\"><img loading=\"lazy\" decoding=\"async\" class=\"wp-image-1773 aligncenter\" src=\"https:\/\/agora.xtec.cat\/iesdecelra\/wp-content\/uploads\/usu1789\/2019\/03\/Captura-de-pantalla-2019-03-15-a-les-15.36.30-1024x635.png\" alt=\"\" width=\"381\" height=\"236\" srcset=\"https:\/\/agora.xtec.cat\/iesdecelra\/wp-content\/uploads\/usu1789\/2019\/03\/Captura-de-pantalla-2019-03-15-a-les-15.36.30-1024x635.png 1024w, https:\/\/agora.xtec.cat\/iesdecelra\/wp-content\/uploads\/usu1789\/2019\/03\/Captura-de-pantalla-2019-03-15-a-les-15.36.30-300x186.png 300w, https:\/\/agora.xtec.cat\/iesdecelra\/wp-content\/uploads\/usu1789\/2019\/03\/Captura-de-pantalla-2019-03-15-a-les-15.36.30-768x476.png 768w, https:\/\/agora.xtec.cat\/iesdecelra\/wp-content\/uploads\/usu1789\/2019\/03\/Captura-de-pantalla-2019-03-15-a-les-15.36.30.png 1538w\" sizes=\"auto, (max-width: 381px) 100vw, 381px\" \/><\/a><a href=\"https:\/\/agora.xtec.cat\/iesdecelra\/wp-content\/uploads\/usu1789\/2019\/03\/Foto-2-4.jpg\"><img loading=\"lazy\" decoding=\"async\" class=\"wp-image-1772 aligncenter\" src=\"https:\/\/agora.xtec.cat\/iesdecelra\/wp-content\/uploads\/usu1789\/2019\/03\/Foto-2-4-1024x768.jpg\" alt=\"\" width=\"381\" height=\"286\" srcset=\"https:\/\/agora.xtec.cat\/iesdecelra\/wp-content\/uploads\/usu1789\/2019\/03\/Foto-2-4-1024x768.jpg 1024w, https:\/\/agora.xtec.cat\/iesdecelra\/wp-content\/uploads\/usu1789\/2019\/03\/Foto-2-4-300x225.jpg 300w, https:\/\/agora.xtec.cat\/iesdecelra\/wp-content\/uploads\/usu1789\/2019\/03\/Foto-2-4-768x576.jpg 768w, https:\/\/agora.xtec.cat\/iesdecelra\/wp-content\/uploads\/usu1789\/2019\/03\/Foto-2-4-200x150.jpg 200w, https:\/\/agora.xtec.cat\/iesdecelra\/wp-content\/uploads\/usu1789\/2019\/03\/Foto-2-4.jpg 1600w\" sizes=\"auto, (max-width: 381px) 100vw, 381px\" \/><\/a><\/p>\n<p>D&#8217;aquesta trobada tamb\u00e9 se n&#8217;ha fet ress\u00f2 El punt diari. Si cliqueu la imatge podreu accedir a la not\u00edcia publicada.\u00a0<a href=\"https:\/\/www.elpuntavui.cat\/societat\/article\/16-educacio\/1570380-uns-650-llatinistes-a-empuries.html\"><img loading=\"lazy\" decoding=\"async\" class=\"wp-image-1771 aligncenter\" src=\"https:\/\/agora.xtec.cat\/iesdecelra\/wp-content\/uploads\/usu1789\/2019\/03\/Captura-de-pantalla-2019-03-15-a-les-15.32.09.png\" alt=\"\" width=\"304\" height=\"360\" srcset=\"https:\/\/agora.xtec.cat\/iesdecelra\/wp-content\/uploads\/usu1789\/2019\/03\/Captura-de-pantalla-2019-03-15-a-les-15.32.09.png 690w, https:\/\/agora.xtec.cat\/iesdecelra\/wp-content\/uploads\/usu1789\/2019\/03\/Captura-de-pantalla-2019-03-15-a-les-15.32.09-254x300.png 254w\" sizes=\"auto, (max-width: 304px) 100vw, 304px\" \/><\/a><\/p>\n<p>&nbsp;<\/p>\n<p>&nbsp;<\/p>\n","protected":false},"excerpt":{"rendered":"<p>El \u00a0dijous 14 de mar\u00e7, Pridie Idus Martias,\u00a0els alumnes de Llat\u00ed de 4t varen participar a la IX Trobada d&#8217;alumnes de Llat\u00ed de les comarques gironines, juntament amb 35 instituts m\u00e9s. Enguany es va fer a Emp\u00faries. Es varen realitzar diversos tallers juntament amb alumnes&hellip;  <a href=\"https:\/\/agora.xtec.cat\/iesdecelra\/cursos\/eso\/eso-4\/participacio-a-la-ix-trobada-dalumnes-de-llati-de-les-comarques-gironines\/\" title=\"Read PARTICIPACI\u00d3 A LA IX TROBADA D&#8217;ALUMNES DE LLAT\u00cd DE LES COMARQUES GIRONINES\">Llegeix m\u00e9s\u00bb<\/a><\/p>\n","protected":false},"author":1,"featured_media":1774,"comment_status":"open","ping_status":"closed","sticky":false,"template":"","format":"standard","meta":{"_bbp_topic_count":0,"_bbp_reply_count":0,"_bbp_total_topic_count":0,"_bbp_total_reply_count":0,"_bbp_voice_count":0,"_bbp_anonymous_reply_count":0,"_bbp_topic_count_hidden":0,"_bbp_reply_count_hidden":0,"_bbp_forum_subforum_count":0,"footnotes":""},"categories":[103,7],"tags":[117,162],"class_list":["post-1770","post","type-post","status-publish","format-standard","has-post-thumbnail","hentry","category-actualitat","category-eso-4","tag-curs-2018-2019","tag-llati"],"post_mailing_queue_ids":[],"_links":{"self":[{"href":"https:\/\/agora.xtec.cat\/iesdecelra\/wp-json\/wp\/v2\/posts\/1770","targetHints":{"allow":["GET"]}}],"collection":[{"href":"https:\/\/agora.xtec.cat\/iesdecelra\/wp-json\/wp\/v2\/posts"}],"about":[{"href":"https:\/\/agora.xtec.cat\/iesdecelra\/wp-json\/wp\/v2\/types\/post"}],"author":[{"embeddable":true,"href":"https:\/\/agora.xtec.cat\/iesdecelra\/wp-json\/wp\/v2\/users\/1"}],"replies":[{"embeddable":true,"href":"https:\/\/agora.xtec.cat\/iesdecelra\/wp-json\/wp\/v2\/comments?post=1770"}],"version-history":[{"count":2,"href":"https:\/\/agora.xtec.cat\/iesdecelra\/wp-json\/wp\/v2\/posts\/1770\/revisions"}],"predecessor-version":[{"id":1776,"href":"https:\/\/agora.xtec.cat\/iesdecelra\/wp-json\/wp\/v2\/posts\/1770\/revisions\/1776"}],"wp:featuredmedia":[{"embeddable":true,"href":"https:\/\/agora.xtec.cat\/iesdecelra\/wp-json\/wp\/v2\/media\/1774"}],"wp:attachment":[{"href":"https:\/\/agora.xtec.cat\/iesdecelra\/wp-json\/wp\/v2\/media?parent=1770"}],"wp:term":[{"taxonomy":"category","embeddable":true,"href":"https:\/\/agora.xtec.cat\/iesdecelra\/wp-json\/wp\/v2\/categories?post=1770"},{"taxonomy":"post_tag","embeddable":true,"href":"https:\/\/agora.xtec.cat\/iesdecelra\/wp-json\/wp\/v2\/tags?post=1770"}],"curies":[{"name":"wp","href":"https:\/\/api.w.org\/{rel}","templated":true}]}}