{"id":1742,"date":"2019-03-11T21:57:53","date_gmt":"2019-03-11T20:57:53","guid":{"rendered":"http:\/\/agora.xtec.cat\/iesdecelra\/?p=1742"},"modified":"2019-03-11T21:58:32","modified_gmt":"2019-03-11T20:58:32","slug":"11-de-marc-de-2019","status":"publish","type":"post","link":"https:\/\/agora.xtec.cat\/iesdecelra\/general\/musica-de-la-setmana\/11-de-marc-de-2019\/","title":{"rendered":"11 de mar\u00e7 de 2019"},"content":{"rendered":"<p>Aquesta setmana cantarem en franc\u00e8s amb la can\u00e7\u00f3 <em>Je te le donne <\/em>de Vitaa et Slimane. A m\u00e9s del v\u00eddeo, us afegim un enlla\u00e7 per poder accedir a la lletra de la can\u00e7\u00f3; us pot fer servei.<\/p>\n<p><iframe loading=\"lazy\" title=\"VITAA - Je te le donne - En duo avec Slimane (Clip Officiel)\" width=\"500\" height=\"281\" src=\"https:\/\/www.youtube.com\/embed\/yH-6SoFYkLg?feature=oembed\" frameborder=\"0\" allow=\"accelerometer; autoplay; clipboard-write; encrypted-media; gyroscope; picture-in-picture; web-share\" referrerpolicy=\"strict-origin-when-cross-origin\" allowfullscreen><\/iframe><\/p>\n<p>&nbsp;<\/p>\n<p>Podeu trobar la lletra <strong><a href=\"https:\/\/genius.com\/Vitaa-je-te-le-donne-lyrics\">AQU\u00cd<\/a><\/strong>.<\/p>\n<p>&nbsp;<\/p>\n","protected":false},"excerpt":{"rendered":"<p>Aquesta setmana cantarem en franc\u00e8s amb la can\u00e7\u00f3 Je te le donne de Vitaa et Slimane. A m\u00e9s del v\u00eddeo, us afegim un enlla\u00e7 per poder accedir a la lletra de la can\u00e7\u00f3; us pot fer servei.<\/p>\n<p>&nbsp;<br \/>\nPodeu trobar la lletra <a href=\"https:\/\/genius.com\/Vitaa-je-te-le-donne-lyrics\">AQU\u00cd<\/a>.<br \/>\n&nbsp;<\/p>\n","protected":false},"author":1,"featured_media":0,"comment_status":"open","ping_status":"closed","sticky":false,"template":"","format":"standard","meta":{"_bbp_topic_count":0,"_bbp_reply_count":0,"_bbp_total_topic_count":0,"_bbp_total_reply_count":0,"_bbp_voice_count":0,"_bbp_anonymous_reply_count":0,"_bbp_topic_count_hidden":0,"_bbp_reply_count_hidden":0,"_bbp_forum_subforum_count":0,"footnotes":""},"categories":[122],"tags":[117,123],"class_list":["post-1742","post","type-post","status-publish","format-standard","hentry","category-musica-de-la-setmana","tag-curs-2018-2019","tag-musica-de-la-setmana"],"post_mailing_queue_ids":[],"_links":{"self":[{"href":"https:\/\/agora.xtec.cat\/iesdecelra\/wp-json\/wp\/v2\/posts\/1742","targetHints":{"allow":["GET"]}}],"collection":[{"href":"https:\/\/agora.xtec.cat\/iesdecelra\/wp-json\/wp\/v2\/posts"}],"about":[{"href":"https:\/\/agora.xtec.cat\/iesdecelra\/wp-json\/wp\/v2\/types\/post"}],"author":[{"embeddable":true,"href":"https:\/\/agora.xtec.cat\/iesdecelra\/wp-json\/wp\/v2\/users\/1"}],"replies":[{"embeddable":true,"href":"https:\/\/agora.xtec.cat\/iesdecelra\/wp-json\/wp\/v2\/comments?post=1742"}],"version-history":[{"count":2,"href":"https:\/\/agora.xtec.cat\/iesdecelra\/wp-json\/wp\/v2\/posts\/1742\/revisions"}],"predecessor-version":[{"id":1744,"href":"https:\/\/agora.xtec.cat\/iesdecelra\/wp-json\/wp\/v2\/posts\/1742\/revisions\/1744"}],"wp:attachment":[{"href":"https:\/\/agora.xtec.cat\/iesdecelra\/wp-json\/wp\/v2\/media?parent=1742"}],"wp:term":[{"taxonomy":"category","embeddable":true,"href":"https:\/\/agora.xtec.cat\/iesdecelra\/wp-json\/wp\/v2\/categories?post=1742"},{"taxonomy":"post_tag","embeddable":true,"href":"https:\/\/agora.xtec.cat\/iesdecelra\/wp-json\/wp\/v2\/tags?post=1742"}],"curies":[{"name":"wp","href":"https:\/\/api.w.org\/{rel}","templated":true}]}}