{"id":1738,"date":"2019-03-11T21:50:21","date_gmt":"2019-03-11T20:50:21","guid":{"rendered":"http:\/\/agora.xtec.cat\/iesdecelra\/?p=1738"},"modified":"2019-03-11T21:51:27","modified_gmt":"2019-03-11T20:51:27","slug":"enigma-de-la-setmana-6-i-guanyador-de-lanterior","status":"publish","type":"post","link":"https:\/\/agora.xtec.cat\/iesdecelra\/general\/enigma-de-la-setmana-6-i-guanyador-de-lanterior\/","title":{"rendered":"ENIGMA DE LA SETMANA 6 (i guanyadora de la setmana anterior)"},"content":{"rendered":"<p>Aquesta setmana tenim una guanyadora que \u00e9s la Judith Alcaraz de 4tE. La resposta que va donar ella coincidia amb la que havien pensat els alumnes de 1rB: la fam\u00edlia era de 4 germans. Tot i aix\u00ed, l&#8217;enigma estava plantejat de manera molt ambigua i tamb\u00e9 era bona la resposta de 5 germans.\u00a0Ha quedat sense resposta correcta l&#8217;enigma de la caixeta que funciona &#8220;si, fa, sol&#8221;. Els creadors del joc de paraules\u00a0 van jugar amb les notes musicals i, per tant, la capseta era una caixa de m\u00fasica.<\/p>\n<p>&nbsp;<\/p>\n<p>Ja es va acabant el concurs! Ens queden dues setmanes! Animeu-vos a participar, encara hi sou a temps!<\/p>\n<p>L&#8217;enigma d&#8217;aquesta setmana \u00e9s ferroviari; els autors s\u00f3n la Lena Klinger i l&#8217;Alaric Ros.<\/p>\n<p><a href=\"https:\/\/agora.xtec.cat\/iesdecelra\/wp-content\/uploads\/usu1789\/2019\/03\/Captura-de-pantalla-2019-03-11-a-les-21.48.29.png\"><img loading=\"lazy\" decoding=\"async\" class=\"size-full wp-image-1739 aligncenter\" src=\"https:\/\/agora.xtec.cat\/iesdecelra\/wp-content\/uploads\/usu1789\/2019\/03\/Captura-de-pantalla-2019-03-11-a-les-21.48.29.png\" alt=\"\" width=\"878\" height=\"869\" srcset=\"https:\/\/agora.xtec.cat\/iesdecelra\/wp-content\/uploads\/usu1789\/2019\/03\/Captura-de-pantalla-2019-03-11-a-les-21.48.29.png 878w, https:\/\/agora.xtec.cat\/iesdecelra\/wp-content\/uploads\/usu1789\/2019\/03\/Captura-de-pantalla-2019-03-11-a-les-21.48.29-300x297.png 300w, https:\/\/agora.xtec.cat\/iesdecelra\/wp-content\/uploads\/usu1789\/2019\/03\/Captura-de-pantalla-2019-03-11-a-les-21.48.29-768x760.png 768w\" sizes=\"auto, (max-width: 878px) 100vw, 878px\" \/><\/a><\/p>\n<p>&nbsp;<\/p>\n<p>&nbsp;<\/p>\n<p>&nbsp;<\/p>\n<p>&nbsp;<\/p>\n<p>&nbsp;<\/p>\n<p>&nbsp;<\/p>\n<p>&nbsp;<\/p>\n<p>&nbsp;<\/p>\n<p>&nbsp;<\/p>\n","protected":false},"excerpt":{"rendered":"<p>Aquesta setmana tenim una guanyadora que \u00e9s la Judith Alcaraz de 4tE. La resposta que va donar ella coincidia amb la que havien pensat els alumnes de 1rB: la fam\u00edlia era de 4 germans. Tot i aix\u00ed, l&#8217;enigma estava plantejat de manera molt ambigua i&hellip;  <a href=\"https:\/\/agora.xtec.cat\/iesdecelra\/general\/enigma-de-la-setmana-6-i-guanyador-de-lanterior\/\" title=\"Read ENIGMA DE LA SETMANA 6 (i guanyadora de la setmana anterior)\">Llegeix m\u00e9s\u00bb<\/a><\/p>\n","protected":false},"author":1,"featured_media":1739,"comment_status":"open","ping_status":"closed","sticky":false,"template":"","format":"standard","meta":{"_bbp_topic_count":0,"_bbp_reply_count":0,"_bbp_total_topic_count":0,"_bbp_total_reply_count":0,"_bbp_voice_count":0,"_bbp_anonymous_reply_count":0,"_bbp_topic_count_hidden":0,"_bbp_reply_count_hidden":0,"_bbp_forum_subforum_count":0,"footnotes":""},"categories":[1],"tags":[117,167],"class_list":["post-1738","post","type-post","status-publish","format-standard","has-post-thumbnail","hentry","category-general","tag-curs-2018-2019","tag-enigmes"],"post_mailing_queue_ids":[],"_links":{"self":[{"href":"https:\/\/agora.xtec.cat\/iesdecelra\/wp-json\/wp\/v2\/posts\/1738","targetHints":{"allow":["GET"]}}],"collection":[{"href":"https:\/\/agora.xtec.cat\/iesdecelra\/wp-json\/wp\/v2\/posts"}],"about":[{"href":"https:\/\/agora.xtec.cat\/iesdecelra\/wp-json\/wp\/v2\/types\/post"}],"author":[{"embeddable":true,"href":"https:\/\/agora.xtec.cat\/iesdecelra\/wp-json\/wp\/v2\/users\/1"}],"replies":[{"embeddable":true,"href":"https:\/\/agora.xtec.cat\/iesdecelra\/wp-json\/wp\/v2\/comments?post=1738"}],"version-history":[{"count":2,"href":"https:\/\/agora.xtec.cat\/iesdecelra\/wp-json\/wp\/v2\/posts\/1738\/revisions"}],"predecessor-version":[{"id":1741,"href":"https:\/\/agora.xtec.cat\/iesdecelra\/wp-json\/wp\/v2\/posts\/1738\/revisions\/1741"}],"wp:featuredmedia":[{"embeddable":true,"href":"https:\/\/agora.xtec.cat\/iesdecelra\/wp-json\/wp\/v2\/media\/1739"}],"wp:attachment":[{"href":"https:\/\/agora.xtec.cat\/iesdecelra\/wp-json\/wp\/v2\/media?parent=1738"}],"wp:term":[{"taxonomy":"category","embeddable":true,"href":"https:\/\/agora.xtec.cat\/iesdecelra\/wp-json\/wp\/v2\/categories?post=1738"},{"taxonomy":"post_tag","embeddable":true,"href":"https:\/\/agora.xtec.cat\/iesdecelra\/wp-json\/wp\/v2\/tags?post=1738"}],"curies":[{"name":"wp","href":"https:\/\/api.w.org\/{rel}","templated":true}]}}