{"id":1735,"date":"2019-03-10T22:27:44","date_gmt":"2019-03-10T21:27:44","guid":{"rendered":"http:\/\/agora.xtec.cat\/iesdecelra\/?p=1735"},"modified":"2020-11-24T14:22:19","modified_gmt":"2020-11-24T13:22:19","slug":"acte-de-lliurament-del-delf-scolaire","status":"publish","type":"post","link":"https:\/\/agora.xtec.cat\/iesdecelra\/general\/acte-de-lliurament-del-delf-scolaire\/","title":{"rendered":"ACTE DE LLIURAMENT DEL DELF SCOLAIRE"},"content":{"rendered":"<p>Els alumnes que es van presentar a la convocat\u00f2ria DELF 2018 van assistir a l&#8217;acte de lliurament de diplomes al teatre Municipal de La Bisbal el passat 19 de febrer. Ajuntem una fotografia d&#8217;aquest acte.\u00a0<a href=\"https:\/\/agora.xtec.cat\/iesdecelra\/wp-content\/uploads\/usu1789\/2019\/03\/delf-la-bisbal.jpg\"><img loading=\"lazy\" decoding=\"async\" class=\"size-large wp-image-1736 aligncenter\" src=\"https:\/\/agora.xtec.cat\/iesdecelra\/wp-content\/uploads\/usu1789\/2019\/03\/delf-la-bisbal-1024x608.jpg\" alt=\"\" width=\"1024\" height=\"608\" srcset=\"https:\/\/agora.xtec.cat\/iesdecelra\/wp-content\/uploads\/usu1789\/2019\/03\/delf-la-bisbal-1024x608.jpg 1024w, https:\/\/agora.xtec.cat\/iesdecelra\/wp-content\/uploads\/usu1789\/2019\/03\/delf-la-bisbal-300x178.jpg 300w, https:\/\/agora.xtec.cat\/iesdecelra\/wp-content\/uploads\/usu1789\/2019\/03\/delf-la-bisbal-768x456.jpg 768w, https:\/\/agora.xtec.cat\/iesdecelra\/wp-content\/uploads\/usu1789\/2019\/03\/delf-la-bisbal.jpg 1626w\" sizes=\"auto, (max-width: 1024px) 100vw, 1024px\" \/><\/a><\/p>\n<p>Volem agrair a les fam\u00edlies haver acompanyat els seus fills i animar els alumnes que segueixin amb l&#8217;aprenentatge de la llengua i la cultura francesa. L&#8217;estudi d&#8217;una llengua \u00e9s un cam\u00ed llarg que no acaba mai, per\u00f2 que sempre t\u00e9 la seva recompensa!<\/p>\n","protected":false},"excerpt":{"rendered":"<p>Els alumnes que es van presentar a la convocat\u00f2ria DELF 2018 van assistir a l&#8217;acte de lliurament de diplomes al teatre Municipal de La Bisbal el passat 19 de febrer. Ajuntem una fotografia d&#8217;aquest acte.\u00a0<a href=\"https:\/\/agora.xtec.cat\/iesdecelra\/wp-content\/uploads\/usu1789\/2019\/03\/delf-la-bisbal.jpg\"><\/a><br \/>\nVolem agrair a les fam\u00edlies haver acompanyat els seus fills&hellip;  <a href=\"https:\/\/agora.xtec.cat\/iesdecelra\/general\/acte-de-lliurament-del-delf-scolaire\/\" title=\"Read ACTE DE LLIURAMENT DEL DELF SCOLAIRE\">Llegeix m\u00e9s\u00bb<\/a><\/p>\n","protected":false},"author":1,"featured_media":1736,"comment_status":"closed","ping_status":"closed","sticky":false,"template":"","format":"standard","meta":{"_bbp_topic_count":0,"_bbp_reply_count":0,"_bbp_total_topic_count":0,"_bbp_total_reply_count":0,"_bbp_voice_count":0,"_bbp_anonymous_reply_count":0,"_bbp_topic_count_hidden":0,"_bbp_reply_count_hidden":0,"_bbp_forum_subforum_count":0,"footnotes":""},"categories":[1],"tags":[117,184,185],"class_list":["post-1735","post","type-post","status-publish","format-standard","has-post-thumbnail","hentry","category-general","tag-curs-2018-2019","tag-delf","tag-frances"],"post_mailing_queue_ids":[],"_links":{"self":[{"href":"https:\/\/agora.xtec.cat\/iesdecelra\/wp-json\/wp\/v2\/posts\/1735","targetHints":{"allow":["GET"]}}],"collection":[{"href":"https:\/\/agora.xtec.cat\/iesdecelra\/wp-json\/wp\/v2\/posts"}],"about":[{"href":"https:\/\/agora.xtec.cat\/iesdecelra\/wp-json\/wp\/v2\/types\/post"}],"author":[{"embeddable":true,"href":"https:\/\/agora.xtec.cat\/iesdecelra\/wp-json\/wp\/v2\/users\/1"}],"replies":[{"embeddable":true,"href":"https:\/\/agora.xtec.cat\/iesdecelra\/wp-json\/wp\/v2\/comments?post=1735"}],"version-history":[{"count":1,"href":"https:\/\/agora.xtec.cat\/iesdecelra\/wp-json\/wp\/v2\/posts\/1735\/revisions"}],"predecessor-version":[{"id":1737,"href":"https:\/\/agora.xtec.cat\/iesdecelra\/wp-json\/wp\/v2\/posts\/1735\/revisions\/1737"}],"wp:featuredmedia":[{"embeddable":true,"href":"https:\/\/agora.xtec.cat\/iesdecelra\/wp-json\/wp\/v2\/media\/1736"}],"wp:attachment":[{"href":"https:\/\/agora.xtec.cat\/iesdecelra\/wp-json\/wp\/v2\/media?parent=1735"}],"wp:term":[{"taxonomy":"category","embeddable":true,"href":"https:\/\/agora.xtec.cat\/iesdecelra\/wp-json\/wp\/v2\/categories?post=1735"},{"taxonomy":"post_tag","embeddable":true,"href":"https:\/\/agora.xtec.cat\/iesdecelra\/wp-json\/wp\/v2\/tags?post=1735"}],"curies":[{"name":"wp","href":"https:\/\/api.w.org\/{rel}","templated":true}]}}