{"id":1723,"date":"2019-03-04T22:26:40","date_gmt":"2019-03-04T21:26:40","guid":{"rendered":"http:\/\/agora.xtec.cat\/iesdecelra\/?p=1723"},"modified":"2019-03-04T22:26:58","modified_gmt":"2019-03-04T21:26:58","slug":"enigma-de-la-setmana-5-i-guanyador-de-la-setmana-anterior","status":"publish","type":"post","link":"https:\/\/agora.xtec.cat\/iesdecelra\/general\/enigma-de-la-setmana-5-i-guanyador-de-la-setmana-anterior\/","title":{"rendered":"ENIGMA DE LA SETMANA 5 (i guanyador de la setmana anterior)"},"content":{"rendered":"<p>Aquesta setmana s&#8217;ha resolt correctament el primer enigma: &#8220;Qu\u00e8 hi ha al centre de Celr\u00e0?&#8221;. La resposta \u00e9s la <em>L<\/em>, fent refer\u00e8ncia a la lletra que hi ha al centre de la paraula. El guanyador de la setmana \u00e9s en Joan Ferrer de 1rF. Moltes felicitats, Joan!<\/p>\n<p>Queda per resoldre l&#8217;enigma de la capseta misteriosa. Us el deixem obert una setmana m\u00e9s! Animeu-vos a contestar!<\/p>\n<p><a href=\"https:\/\/agora.xtec.cat\/iesdecelra\/wp-content\/uploads\/usu1789\/2019\/02\/Captura-de-pantalla-2019-02-25-a-les-21.56.54.png\"><img loading=\"lazy\" decoding=\"async\" class=\"wp-image-1697 aligncenter\" src=\"https:\/\/agora.xtec.cat\/iesdecelra\/wp-content\/uploads\/usu1789\/2019\/02\/Captura-de-pantalla-2019-02-25-a-les-21.56.54.png\" alt=\"\" width=\"416\" height=\"283\" srcset=\"https:\/\/agora.xtec.cat\/iesdecelra\/wp-content\/uploads\/usu1789\/2019\/02\/Captura-de-pantalla-2019-02-25-a-les-21.56.54.png 840w, https:\/\/agora.xtec.cat\/iesdecelra\/wp-content\/uploads\/usu1789\/2019\/02\/Captura-de-pantalla-2019-02-25-a-les-21.56.54-300x204.png 300w, https:\/\/agora.xtec.cat\/iesdecelra\/wp-content\/uploads\/usu1789\/2019\/02\/Captura-de-pantalla-2019-02-25-a-les-21.56.54-768x522.png 768w\" sizes=\"auto, (max-width: 416px) 100vw, 416px\" \/><\/a><\/p>\n<p>&nbsp;<\/p>\n<p>I us n&#8217;afegim un altre de num\u00e8ric:<\/p>\n<p>&nbsp;<\/p>\n<p><a href=\"https:\/\/agora.xtec.cat\/iesdecelra\/wp-content\/uploads\/usu1789\/2019\/03\/Captura-de-pantalla-2019-03-04-a-les-22.25.03.png\"><img loading=\"lazy\" decoding=\"async\" class=\"wp-image-1724 aligncenter\" src=\"https:\/\/agora.xtec.cat\/iesdecelra\/wp-content\/uploads\/usu1789\/2019\/03\/Captura-de-pantalla-2019-03-04-a-les-22.25.03-747x1024.png\" alt=\"\" width=\"453\" height=\"621\" \/><\/a><\/p>\n<p>&nbsp;<\/p>\n","protected":false},"excerpt":{"rendered":"<p>Aquesta setmana s&#8217;ha resolt correctament el primer enigma: &#8220;Qu\u00e8 hi ha al centre de Celr\u00e0?&#8221;. La resposta \u00e9s la L, fent refer\u00e8ncia a la lletra que hi ha al centre de la paraula. El guanyador de la setmana \u00e9s en Joan Ferrer de 1rF. Moltes&hellip;  <a href=\"https:\/\/agora.xtec.cat\/iesdecelra\/general\/enigma-de-la-setmana-5-i-guanyador-de-la-setmana-anterior\/\" title=\"Read ENIGMA DE LA SETMANA 5 (i guanyador de la setmana anterior)\">Llegeix m\u00e9s\u00bb<\/a><\/p>\n","protected":false},"author":1,"featured_media":1724,"comment_status":"open","ping_status":"closed","sticky":false,"template":"","format":"standard","meta":{"_bbp_topic_count":0,"_bbp_reply_count":0,"_bbp_total_topic_count":0,"_bbp_total_reply_count":0,"_bbp_voice_count":0,"_bbp_anonymous_reply_count":0,"_bbp_topic_count_hidden":0,"_bbp_reply_count_hidden":0,"_bbp_forum_subforum_count":0,"footnotes":""},"categories":[1],"tags":[117,167],"class_list":["post-1723","post","type-post","status-publish","format-standard","has-post-thumbnail","hentry","category-general","tag-curs-2018-2019","tag-enigmes"],"post_mailing_queue_ids":[],"_links":{"self":[{"href":"https:\/\/agora.xtec.cat\/iesdecelra\/wp-json\/wp\/v2\/posts\/1723","targetHints":{"allow":["GET"]}}],"collection":[{"href":"https:\/\/agora.xtec.cat\/iesdecelra\/wp-json\/wp\/v2\/posts"}],"about":[{"href":"https:\/\/agora.xtec.cat\/iesdecelra\/wp-json\/wp\/v2\/types\/post"}],"author":[{"embeddable":true,"href":"https:\/\/agora.xtec.cat\/iesdecelra\/wp-json\/wp\/v2\/users\/1"}],"replies":[{"embeddable":true,"href":"https:\/\/agora.xtec.cat\/iesdecelra\/wp-json\/wp\/v2\/comments?post=1723"}],"version-history":[{"count":1,"href":"https:\/\/agora.xtec.cat\/iesdecelra\/wp-json\/wp\/v2\/posts\/1723\/revisions"}],"predecessor-version":[{"id":1725,"href":"https:\/\/agora.xtec.cat\/iesdecelra\/wp-json\/wp\/v2\/posts\/1723\/revisions\/1725"}],"wp:featuredmedia":[{"embeddable":true,"href":"https:\/\/agora.xtec.cat\/iesdecelra\/wp-json\/wp\/v2\/media\/1724"}],"wp:attachment":[{"href":"https:\/\/agora.xtec.cat\/iesdecelra\/wp-json\/wp\/v2\/media?parent=1723"}],"wp:term":[{"taxonomy":"category","embeddable":true,"href":"https:\/\/agora.xtec.cat\/iesdecelra\/wp-json\/wp\/v2\/categories?post=1723"},{"taxonomy":"post_tag","embeddable":true,"href":"https:\/\/agora.xtec.cat\/iesdecelra\/wp-json\/wp\/v2\/tags?post=1723"}],"curies":[{"name":"wp","href":"https:\/\/api.w.org\/{rel}","templated":true}]}}