{"id":1706,"date":"2019-02-25T22:42:42","date_gmt":"2019-02-25T21:42:42","guid":{"rendered":"http:\/\/agora.xtec.cat\/iesdecelra\/?p=1706"},"modified":"2019-02-27T13:25:44","modified_gmt":"2019-02-27T12:25:44","slug":"25-de-feber-de-2019","status":"publish","type":"post","link":"https:\/\/agora.xtec.cat\/iesdecelra\/general\/musica-de-la-setmana\/25-de-feber-de-2019\/","title":{"rendered":"25 de febrer de 2019"},"content":{"rendered":"<p>Si la nit de diumenge a dilluns s&#8217;han lliurat els premis \u00d2scar a Hollywood, a Celr\u00e0 hem comen\u00e7at la setmana amb una banda sonora. L&#8217;escollida ha estat la del <em>Senyor dels anells<\/em> i el tema es diu <em>Sound of The Shire<\/em>.<\/p>\n<p><iframe loading=\"lazy\" title=\"Lord of the Rings   Sound of The Shire\" width=\"500\" height=\"281\" src=\"https:\/\/www.youtube.com\/embed\/LML6SoNE7xE?feature=oembed\" frameborder=\"0\" allow=\"accelerometer; autoplay; clipboard-write; encrypted-media; gyroscope; picture-in-picture; web-share\" referrerpolicy=\"strict-origin-when-cross-origin\" allowfullscreen><\/iframe><\/p>\n<p>&nbsp;<\/p>\n","protected":false},"excerpt":{"rendered":"<p>Si la nit de diumenge a dilluns s&#8217;han lliurat els premis \u00d2scar a Hollywood, a Celr\u00e0 hem comen\u00e7at la setmana amb una banda sonora. L&#8217;escollida ha estat la del Senyor dels anells i el tema es diu Sound of The Shire.<\/p>\n<p>&nbsp;<\/p>\n","protected":false},"author":1,"featured_media":0,"comment_status":"open","ping_status":"closed","sticky":false,"template":"","format":"standard","meta":{"_bbp_topic_count":0,"_bbp_reply_count":0,"_bbp_total_topic_count":0,"_bbp_total_reply_count":0,"_bbp_voice_count":0,"_bbp_anonymous_reply_count":0,"_bbp_topic_count_hidden":0,"_bbp_reply_count_hidden":0,"_bbp_forum_subforum_count":0,"footnotes":""},"categories":[122],"tags":[],"class_list":["post-1706","post","type-post","status-publish","format-standard","hentry","category-musica-de-la-setmana"],"post_mailing_queue_ids":[],"_links":{"self":[{"href":"https:\/\/agora.xtec.cat\/iesdecelra\/wp-json\/wp\/v2\/posts\/1706","targetHints":{"allow":["GET"]}}],"collection":[{"href":"https:\/\/agora.xtec.cat\/iesdecelra\/wp-json\/wp\/v2\/posts"}],"about":[{"href":"https:\/\/agora.xtec.cat\/iesdecelra\/wp-json\/wp\/v2\/types\/post"}],"author":[{"embeddable":true,"href":"https:\/\/agora.xtec.cat\/iesdecelra\/wp-json\/wp\/v2\/users\/1"}],"replies":[{"embeddable":true,"href":"https:\/\/agora.xtec.cat\/iesdecelra\/wp-json\/wp\/v2\/comments?post=1706"}],"version-history":[{"count":3,"href":"https:\/\/agora.xtec.cat\/iesdecelra\/wp-json\/wp\/v2\/posts\/1706\/revisions"}],"predecessor-version":[{"id":1720,"href":"https:\/\/agora.xtec.cat\/iesdecelra\/wp-json\/wp\/v2\/posts\/1706\/revisions\/1720"}],"wp:attachment":[{"href":"https:\/\/agora.xtec.cat\/iesdecelra\/wp-json\/wp\/v2\/media?parent=1706"}],"wp:term":[{"taxonomy":"category","embeddable":true,"href":"https:\/\/agora.xtec.cat\/iesdecelra\/wp-json\/wp\/v2\/categories?post=1706"},{"taxonomy":"post_tag","embeddable":true,"href":"https:\/\/agora.xtec.cat\/iesdecelra\/wp-json\/wp\/v2\/tags?post=1706"}],"curies":[{"name":"wp","href":"https:\/\/api.w.org\/{rel}","templated":true}]}}