{"id":1703,"date":"2019-02-25T22:37:20","date_gmt":"2019-02-25T21:37:20","guid":{"rendered":"http:\/\/agora.xtec.cat\/iesdecelra\/?p=1703"},"modified":"2019-02-25T22:44:11","modified_gmt":"2019-02-25T21:44:11","slug":"trobada-interinstituts-de-rugbi","status":"publish","type":"post","link":"https:\/\/agora.xtec.cat\/iesdecelra\/cursos\/eso\/eso-1\/trobada-interinstituts-de-rugbi\/","title":{"rendered":"TROBADA INTERINSTITUTS DE RUGBI"},"content":{"rendered":"<p style=\"text-align: justify;\">El divendres 15 de febrer l&#8217;institut de Celr\u00e0 va participar un altre cop en unes de trobades interinstituts de rugbi al GEIEG de Palau. Ja fa 10 anys que s&#8217;organitzen!<\/p>\n<p style=\"text-align: justify;\">La jornada, que es va iniciar a les 15:30 i va acabar a les 18:30, est\u00e0 emmarcada com a activitat final de la unitat did\u00e0ctica de rugbi i va comptar amb la participaci\u00f3 de l&#8217;Institut de la Vall de LL\u00e9mena de Sant Gergori i l&#8217;Institut Santiago Sobrequ\u00e9s de Girona.\u00a0Aquestes trobada, a m\u00e9s, \u00e9s preparat\u00f2ria per al Torneig Interinstituts del mes de juny en qu\u00e8 participen centres de tota la prov\u00edncia de Girona.<\/p>\n<p style=\"text-align: justify;\">El nostre centre va presentar dos equips de primer i segon d&#8217;ESO mixtes, un de nois de 3r i 4t d&#8217;ESO, un de noies de 3r i un de noies de 4t. La tarda va ser molt intensa, sobretot per a l&#8217;alumnat de 1r, ja que era el primer cop que participava en una competici\u00f3 d&#8217;aquest tipus. Per als alumnes dels altres cursos va ser una manera de millorar el joc ja apr\u00e8s en anys anteriors.<\/p>\n<p style=\"text-align: justify;\">L&#8217;enhorabona a tothom per les ganes i la participaci\u00f3! I esperem que tothom s&#8217;animi a participar al torneig del juny!<\/p>\n<p style=\"text-align: right;\"><em>Departament d&#8217;EF<\/em><\/p>\n<p style=\"text-align: center;\">Podeu consultar l&#8217;\u00e0lbum de fotografies de la jornada clicant damunt de la imatge o b\u00e9 <a href=\"https:\/\/photos.app.goo.gl\/eBXWsMpa36kxdgxu6\">AQU\u00cd<\/a>.<\/p>\n<p><a href=\"https:\/\/photos.app.goo.gl\/eBXWsMpa36kxdgxu6\"><img loading=\"lazy\" decoding=\"async\" class=\"wp-image-1704 aligncenter\" src=\"https:\/\/agora.xtec.cat\/iesdecelra\/wp-content\/uploads\/usu1789\/2019\/02\/rugbi1.jpg\" alt=\"\" width=\"727\" height=\"545\" srcset=\"https:\/\/agora.xtec.cat\/iesdecelra\/wp-content\/uploads\/usu1789\/2019\/02\/rugbi1.jpg 800w, https:\/\/agora.xtec.cat\/iesdecelra\/wp-content\/uploads\/usu1789\/2019\/02\/rugbi1-300x225.jpg 300w, https:\/\/agora.xtec.cat\/iesdecelra\/wp-content\/uploads\/usu1789\/2019\/02\/rugbi1-768x576.jpg 768w, https:\/\/agora.xtec.cat\/iesdecelra\/wp-content\/uploads\/usu1789\/2019\/02\/rugbi1-200x150.jpg 200w\" sizes=\"auto, (max-width: 727px) 100vw, 727px\" \/><\/a>.<\/p>\n","protected":false},"excerpt":{"rendered":"<p>El divendres 15 de febrer l&#8217;institut de Celr\u00e0 va participar un altre cop en unes de trobades interinstituts de rugbi al GEIEG de Palau. Ja fa 10 anys que s&#8217;organitzen!<br \/>\nLa jornada, que es va iniciar a les 15:30 i va acabar a les 18:30, est\u00e0&hellip;  <a href=\"https:\/\/agora.xtec.cat\/iesdecelra\/cursos\/eso\/eso-1\/trobada-interinstituts-de-rugbi\/\" title=\"Read TROBADA INTERINSTITUTS DE RUGBI\">Llegeix m\u00e9s\u00bb<\/a><\/p>\n","protected":false},"author":1,"featured_media":1704,"comment_status":"open","ping_status":"closed","sticky":false,"template":"","format":"standard","meta":{"_bbp_topic_count":0,"_bbp_reply_count":0,"_bbp_total_topic_count":0,"_bbp_total_reply_count":0,"_bbp_voice_count":0,"_bbp_anonymous_reply_count":0,"_bbp_topic_count_hidden":0,"_bbp_reply_count_hidden":0,"_bbp_forum_subforum_count":0,"footnotes":""},"categories":[4,5,6,7],"tags":[117,134,181],"class_list":["post-1703","post","type-post","status-publish","format-standard","has-post-thumbnail","hentry","category-eso-1","category-eso-2","category-eso-3","category-eso-4","tag-curs-2018-2019","tag-departament-deducacio-fisica","tag-rugbi"],"post_mailing_queue_ids":[],"_links":{"self":[{"href":"https:\/\/agora.xtec.cat\/iesdecelra\/wp-json\/wp\/v2\/posts\/1703","targetHints":{"allow":["GET"]}}],"collection":[{"href":"https:\/\/agora.xtec.cat\/iesdecelra\/wp-json\/wp\/v2\/posts"}],"about":[{"href":"https:\/\/agora.xtec.cat\/iesdecelra\/wp-json\/wp\/v2\/types\/post"}],"author":[{"embeddable":true,"href":"https:\/\/agora.xtec.cat\/iesdecelra\/wp-json\/wp\/v2\/users\/1"}],"replies":[{"embeddable":true,"href":"https:\/\/agora.xtec.cat\/iesdecelra\/wp-json\/wp\/v2\/comments?post=1703"}],"version-history":[{"count":2,"href":"https:\/\/agora.xtec.cat\/iesdecelra\/wp-json\/wp\/v2\/posts\/1703\/revisions"}],"predecessor-version":[{"id":1711,"href":"https:\/\/agora.xtec.cat\/iesdecelra\/wp-json\/wp\/v2\/posts\/1703\/revisions\/1711"}],"wp:featuredmedia":[{"embeddable":true,"href":"https:\/\/agora.xtec.cat\/iesdecelra\/wp-json\/wp\/v2\/media\/1704"}],"wp:attachment":[{"href":"https:\/\/agora.xtec.cat\/iesdecelra\/wp-json\/wp\/v2\/media?parent=1703"}],"wp:term":[{"taxonomy":"category","embeddable":true,"href":"https:\/\/agora.xtec.cat\/iesdecelra\/wp-json\/wp\/v2\/categories?post=1703"},{"taxonomy":"post_tag","embeddable":true,"href":"https:\/\/agora.xtec.cat\/iesdecelra\/wp-json\/wp\/v2\/tags?post=1703"}],"curies":[{"name":"wp","href":"https:\/\/api.w.org\/{rel}","templated":true}]}}