{"id":1699,"date":"2019-02-25T22:16:17","date_gmt":"2019-02-25T21:16:17","guid":{"rendered":"http:\/\/agora.xtec.cat\/iesdecelra\/?p=1699"},"modified":"2019-02-25T22:43:44","modified_gmt":"2019-02-25T21:43:44","slug":"participacio-a-la-jornada-de-delegats-del-girones","status":"publish","type":"post","link":"https:\/\/agora.xtec.cat\/iesdecelra\/cursos\/eso\/eso-2\/participacio-a-la-jornada-de-delegats-del-girones\/","title":{"rendered":"PARTICIPACI\u00d3 A LA JORNADA DE DELEGATS DEL GIRON\u00c8S"},"content":{"rendered":"<p style=\"text-align: justify;\">Els 10 delegats de 2n d&#8217;ESO, acompanyats de la coordinadora de 2n (Lola Ortiz), van participar el passat divendres 15 de febrer a la 10a edici\u00f3 de la Jornada de Delegats del Giron\u00e8s a la Sitja de Fornells de la Selva.<\/p>\n<p style=\"text-align: justify;\">En el transcurs de la jornada es van organitzar diversos tallers formatius i din\u00e0miques, tant per als delegats com per als tutors. Pel que fa als delegats, van participar en tallers i din\u00e0miques que tenien com a objectiu millorar les seves compet\u00e8ncies en resoluci\u00f3 de conflictes, conducci\u00f3 de grups i escolta activa. D&#8217;altra banda, la formaci\u00f3 que per a tutors tenia com a objectiu facilitar la participaci\u00f3 dels joves a l&#8217;aula.<\/p>\n<p><a href=\"https:\/\/agora.xtec.cat\/iesdecelra\/wp-content\/uploads\/usu1789\/2019\/02\/TROBADA-DELEGATS-2n.jpg\"><img loading=\"lazy\" decoding=\"async\" class=\"alignnone size-large wp-image-1700\" src=\"https:\/\/agora.xtec.cat\/iesdecelra\/wp-content\/uploads\/usu1789\/2019\/02\/TROBADA-DELEGATS-2n-1024x542.jpg\" alt=\"\" width=\"1024\" height=\"542\" srcset=\"https:\/\/agora.xtec.cat\/iesdecelra\/wp-content\/uploads\/usu1789\/2019\/02\/TROBADA-DELEGATS-2n-1024x542.jpg 1024w, https:\/\/agora.xtec.cat\/iesdecelra\/wp-content\/uploads\/usu1789\/2019\/02\/TROBADA-DELEGATS-2n-300x159.jpg 300w, https:\/\/agora.xtec.cat\/iesdecelra\/wp-content\/uploads\/usu1789\/2019\/02\/TROBADA-DELEGATS-2n-768x407.jpg 768w, https:\/\/agora.xtec.cat\/iesdecelra\/wp-content\/uploads\/usu1789\/2019\/02\/TROBADA-DELEGATS-2n.jpg 1600w\" sizes=\"auto, (max-width: 1024px) 100vw, 1024px\" \/><\/a> <a href=\"https:\/\/agora.xtec.cat\/iesdecelra\/wp-content\/uploads\/usu1789\/2019\/02\/IMG-20190215-WA0003.jpg\"><img loading=\"lazy\" decoding=\"async\" class=\"wp-image-1701 aligncenter\" src=\"https:\/\/agora.xtec.cat\/iesdecelra\/wp-content\/uploads\/usu1789\/2019\/02\/IMG-20190215-WA0003-1024x637.jpg\" alt=\"\" width=\"584\" height=\"363\" srcset=\"https:\/\/agora.xtec.cat\/iesdecelra\/wp-content\/uploads\/usu1789\/2019\/02\/IMG-20190215-WA0003-1024x637.jpg 1024w, https:\/\/agora.xtec.cat\/iesdecelra\/wp-content\/uploads\/usu1789\/2019\/02\/IMG-20190215-WA0003-300x187.jpg 300w, https:\/\/agora.xtec.cat\/iesdecelra\/wp-content\/uploads\/usu1789\/2019\/02\/IMG-20190215-WA0003-768x478.jpg 768w, https:\/\/agora.xtec.cat\/iesdecelra\/wp-content\/uploads\/usu1789\/2019\/02\/IMG-20190215-WA0003.jpg 1600w\" sizes=\"auto, (max-width: 584px) 100vw, 584px\" \/><\/a><\/p>\n","protected":false},"excerpt":{"rendered":"<p>Els 10 delegats de 2n d&#8217;ESO, acompanyats de la coordinadora de 2n (Lola Ortiz), van participar el passat divendres 15 de febrer a la 10a edici\u00f3 de la Jornada de Delegats del Giron\u00e8s a la Sitja de Fornells de la Selva.<br \/>\nEn el transcurs de la&hellip;  <a href=\"https:\/\/agora.xtec.cat\/iesdecelra\/cursos\/eso\/eso-2\/participacio-a-la-jornada-de-delegats-del-girones\/\" title=\"Read PARTICIPACI\u00d3 A LA JORNADA DE DELEGATS DEL GIRON\u00c8S\">Llegeix m\u00e9s\u00bb<\/a><\/p>\n","protected":false},"author":1,"featured_media":1700,"comment_status":"closed","ping_status":"closed","sticky":false,"template":"","format":"standard","meta":{"_bbp_topic_count":0,"_bbp_reply_count":0,"_bbp_total_topic_count":0,"_bbp_total_reply_count":0,"_bbp_voice_count":0,"_bbp_anonymous_reply_count":0,"_bbp_topic_count_hidden":0,"_bbp_reply_count_hidden":0,"_bbp_forum_subforum_count":0,"footnotes":""},"categories":[5],"tags":[117,180],"class_list":["post-1699","post","type-post","status-publish","format-standard","has-post-thumbnail","hentry","category-eso-2","tag-curs-2018-2019","tag-delegats"],"post_mailing_queue_ids":[],"_links":{"self":[{"href":"https:\/\/agora.xtec.cat\/iesdecelra\/wp-json\/wp\/v2\/posts\/1699","targetHints":{"allow":["GET"]}}],"collection":[{"href":"https:\/\/agora.xtec.cat\/iesdecelra\/wp-json\/wp\/v2\/posts"}],"about":[{"href":"https:\/\/agora.xtec.cat\/iesdecelra\/wp-json\/wp\/v2\/types\/post"}],"author":[{"embeddable":true,"href":"https:\/\/agora.xtec.cat\/iesdecelra\/wp-json\/wp\/v2\/users\/1"}],"replies":[{"embeddable":true,"href":"https:\/\/agora.xtec.cat\/iesdecelra\/wp-json\/wp\/v2\/comments?post=1699"}],"version-history":[{"count":2,"href":"https:\/\/agora.xtec.cat\/iesdecelra\/wp-json\/wp\/v2\/posts\/1699\/revisions"}],"predecessor-version":[{"id":1710,"href":"https:\/\/agora.xtec.cat\/iesdecelra\/wp-json\/wp\/v2\/posts\/1699\/revisions\/1710"}],"wp:featuredmedia":[{"embeddable":true,"href":"https:\/\/agora.xtec.cat\/iesdecelra\/wp-json\/wp\/v2\/media\/1700"}],"wp:attachment":[{"href":"https:\/\/agora.xtec.cat\/iesdecelra\/wp-json\/wp\/v2\/media?parent=1699"}],"wp:term":[{"taxonomy":"category","embeddable":true,"href":"https:\/\/agora.xtec.cat\/iesdecelra\/wp-json\/wp\/v2\/categories?post=1699"},{"taxonomy":"post_tag","embeddable":true,"href":"https:\/\/agora.xtec.cat\/iesdecelra\/wp-json\/wp\/v2\/tags?post=1699"}],"curies":[{"name":"wp","href":"https:\/\/api.w.org\/{rel}","templated":true}]}}