{"id":1682,"date":"2019-02-22T08:10:02","date_gmt":"2019-02-22T07:10:02","guid":{"rendered":"http:\/\/agora.xtec.cat\/iesdecelra\/?p=1682"},"modified":"2019-02-22T12:09:28","modified_gmt":"2019-02-22T11:09:28","slug":"xerrada-formativa-ciberaddiccio","status":"publish","type":"post","link":"https:\/\/agora.xtec.cat\/iesdecelra\/afa\/xerrada-formativa-ciberaddiccio\/","title":{"rendered":"XERRADA FORMATIVA: CIBERADDICCI\u00d3"},"content":{"rendered":"<p>L&#8217;AMPA, l&#8217;Institut i l&#8217;Ajuntament de Celr\u00e0 organitzen una xerrada formativa sobre l&#8217;\u00fas i ab\u00fas dels dispositius m\u00f2bils i la ciberaddicci\u00f3. La sessi\u00f3 formativa es far\u00e0 el dimecres 6 de mar\u00e7 a les 7 del vespre a l&#8217;Institut.<\/p>\n<p>Us convidem a participar-hi!<\/p>\n<p><a href=\"https:\/\/agora.xtec.cat\/iesdecelra\/wp-content\/uploads\/usu1789\/2019\/02\/Captura-de-pantalla-2019-02-21-a-les-9.35.56.png\"><img loading=\"lazy\" decoding=\"async\" class=\"wp-image-1683 aligncenter\" src=\"https:\/\/agora.xtec.cat\/iesdecelra\/wp-content\/uploads\/usu1789\/2019\/02\/Captura-de-pantalla-2019-02-21-a-les-9.35.56-784x1024.png\" alt=\"\" width=\"388\" height=\"507\" srcset=\"https:\/\/agora.xtec.cat\/iesdecelra\/wp-content\/uploads\/usu1789\/2019\/02\/Captura-de-pantalla-2019-02-21-a-les-9.35.56-784x1024.png 784w, https:\/\/agora.xtec.cat\/iesdecelra\/wp-content\/uploads\/usu1789\/2019\/02\/Captura-de-pantalla-2019-02-21-a-les-9.35.56-230x300.png 230w, https:\/\/agora.xtec.cat\/iesdecelra\/wp-content\/uploads\/usu1789\/2019\/02\/Captura-de-pantalla-2019-02-21-a-les-9.35.56-768x1003.png 768w, https:\/\/agora.xtec.cat\/iesdecelra\/wp-content\/uploads\/usu1789\/2019\/02\/Captura-de-pantalla-2019-02-21-a-les-9.35.56.png 788w\" sizes=\"auto, (max-width: 388px) 100vw, 388px\" \/><\/a><\/p>\n<p>Podeu consultar el tr\u00edptic informatiu en millor qualitat si cliqueu sobre la imatge.<\/p>\n<p><a href=\"https:\/\/drive.google.com\/file\/d\/1sgl6Omhz0wmSP3tMZYmXk4MhAeZbIDKo\/view?usp=sharing\"><img loading=\"lazy\" decoding=\"async\" class=\"size-large wp-image-1684 aligncenter\" src=\"https:\/\/agora.xtec.cat\/iesdecelra\/wp-content\/uploads\/usu1789\/2019\/02\/Captura-de-pantalla-2019-02-21-a-les-9.40.20-655x1024.png\" alt=\"\" width=\"655\" height=\"1024\" srcset=\"https:\/\/agora.xtec.cat\/iesdecelra\/wp-content\/uploads\/usu1789\/2019\/02\/Captura-de-pantalla-2019-02-21-a-les-9.40.20-655x1024.png 655w, https:\/\/agora.xtec.cat\/iesdecelra\/wp-content\/uploads\/usu1789\/2019\/02\/Captura-de-pantalla-2019-02-21-a-les-9.40.20-192x300.png 192w, https:\/\/agora.xtec.cat\/iesdecelra\/wp-content\/uploads\/usu1789\/2019\/02\/Captura-de-pantalla-2019-02-21-a-les-9.40.20.png 683w\" sizes=\"auto, (max-width: 655px) 100vw, 655px\" \/><\/a><\/p>\n","protected":false},"excerpt":{"rendered":"<p>L&#8217;AMPA, l&#8217;Institut i l&#8217;Ajuntament de Celr\u00e0 organitzen una xerrada formativa sobre l&#8217;\u00fas i ab\u00fas dels dispositius m\u00f2bils i la ciberaddicci\u00f3. La sessi\u00f3 formativa es far\u00e0 el dimecres 6 de mar\u00e7 a les 7 del vespre a l&#8217;Institut.<br \/>\nUs convidem a participar-hi!<br \/>\n<a href=\"https:\/\/agora.xtec.cat\/iesdecelra\/wp-content\/uploads\/usu1789\/2019\/02\/Captura-de-pantalla-2019-02-21-a-les-9.35.56.png\"><\/a><br \/>\nPodeu consultar el tr\u00edptic informatiu&hellip;  <a href=\"https:\/\/agora.xtec.cat\/iesdecelra\/afa\/xerrada-formativa-ciberaddiccio\/\" title=\"Read XERRADA FORMATIVA: CIBERADDICCI\u00d3\">Llegeix m\u00e9s\u00bb<\/a><\/p>\n","protected":false},"author":1,"featured_media":1683,"comment_status":"open","ping_status":"closed","sticky":false,"template":"","format":"standard","meta":{"_bbp_topic_count":0,"_bbp_reply_count":0,"_bbp_total_topic_count":0,"_bbp_total_reply_count":0,"_bbp_voice_count":0,"_bbp_anonymous_reply_count":0,"_bbp_topic_count_hidden":0,"_bbp_reply_count_hidden":0,"_bbp_forum_subforum_count":0,"footnotes":""},"categories":[31],"tags":[128,178,117,177],"class_list":["post-1682","post","type-post","status-publish","format-standard","has-post-thumbnail","hentry","category-afa","tag-ampa","tag-ciberaddiccio","tag-curs-2018-2019","tag-xerrada"],"post_mailing_queue_ids":[],"_links":{"self":[{"href":"https:\/\/agora.xtec.cat\/iesdecelra\/wp-json\/wp\/v2\/posts\/1682","targetHints":{"allow":["GET"]}}],"collection":[{"href":"https:\/\/agora.xtec.cat\/iesdecelra\/wp-json\/wp\/v2\/posts"}],"about":[{"href":"https:\/\/agora.xtec.cat\/iesdecelra\/wp-json\/wp\/v2\/types\/post"}],"author":[{"embeddable":true,"href":"https:\/\/agora.xtec.cat\/iesdecelra\/wp-json\/wp\/v2\/users\/1"}],"replies":[{"embeddable":true,"href":"https:\/\/agora.xtec.cat\/iesdecelra\/wp-json\/wp\/v2\/comments?post=1682"}],"version-history":[{"count":1,"href":"https:\/\/agora.xtec.cat\/iesdecelra\/wp-json\/wp\/v2\/posts\/1682\/revisions"}],"predecessor-version":[{"id":1685,"href":"https:\/\/agora.xtec.cat\/iesdecelra\/wp-json\/wp\/v2\/posts\/1682\/revisions\/1685"}],"wp:featuredmedia":[{"embeddable":true,"href":"https:\/\/agora.xtec.cat\/iesdecelra\/wp-json\/wp\/v2\/media\/1683"}],"wp:attachment":[{"href":"https:\/\/agora.xtec.cat\/iesdecelra\/wp-json\/wp\/v2\/media?parent=1682"}],"wp:term":[{"taxonomy":"category","embeddable":true,"href":"https:\/\/agora.xtec.cat\/iesdecelra\/wp-json\/wp\/v2\/categories?post=1682"},{"taxonomy":"post_tag","embeddable":true,"href":"https:\/\/agora.xtec.cat\/iesdecelra\/wp-json\/wp\/v2\/tags?post=1682"}],"curies":[{"name":"wp","href":"https:\/\/api.w.org\/{rel}","templated":true}]}}