{"id":1679,"date":"2019-02-21T09:52:22","date_gmt":"2019-02-21T08:52:22","guid":{"rendered":"http:\/\/agora.xtec.cat\/iesdecelra\/?p=1679"},"modified":"2019-02-21T09:52:53","modified_gmt":"2019-02-21T08:52:53","slug":"18-de-febrer-de-2019","status":"publish","type":"post","link":"https:\/\/agora.xtec.cat\/iesdecelra\/general\/musica-de-la-setmana\/18-de-febrer-de-2019\/","title":{"rendered":"18 de febrer de 2019"},"content":{"rendered":"<p>Aquesta setmana sona <em>Queen Of The Savages<\/em> del grup Magnetic Fields.<\/p>\n<p>Us enllacem el v\u00eddeo de la can\u00e7\u00f3 i la lletra. Us atreviu a cantar-la?<\/p>\n<p><a href=\"https:\/\/agora.xtec.cat\/iesdecelra\/wp-content\/uploads\/usu1789\/2019\/02\/Captura-de-pantalla-2019-02-21-a-les-9.50.19.png\"><img loading=\"lazy\" decoding=\"async\" class=\"size-full wp-image-1686 aligncenter\" src=\"https:\/\/agora.xtec.cat\/iesdecelra\/wp-content\/uploads\/usu1789\/2019\/02\/Captura-de-pantalla-2019-02-21-a-les-9.50.19.png\" alt=\"\" width=\"734\" height=\"853\" srcset=\"https:\/\/agora.xtec.cat\/iesdecelra\/wp-content\/uploads\/usu1789\/2019\/02\/Captura-de-pantalla-2019-02-21-a-les-9.50.19.png 734w, https:\/\/agora.xtec.cat\/iesdecelra\/wp-content\/uploads\/usu1789\/2019\/02\/Captura-de-pantalla-2019-02-21-a-les-9.50.19-258x300.png 258w\" sizes=\"auto, (max-width: 734px) 100vw, 734px\" \/><\/a><\/p>\n<p><iframe loading=\"lazy\" title=\"the magnetic fields - queen of the savages\" width=\"500\" height=\"375\" src=\"https:\/\/www.youtube.com\/embed\/WFnglo080Ow?feature=oembed\" frameborder=\"0\" allow=\"accelerometer; autoplay; clipboard-write; encrypted-media; gyroscope; picture-in-picture; web-share\" referrerpolicy=\"strict-origin-when-cross-origin\" allowfullscreen><\/iframe><\/p>\n","protected":false},"excerpt":{"rendered":"<p>Aquesta setmana sona Queen Of The Savages del grup Magnetic Fields.<br \/>\nUs enllacem el v\u00eddeo de la can\u00e7\u00f3 i la lletra. Us atreviu a cantar-la?<br \/>\n<a href=\"https:\/\/agora.xtec.cat\/iesdecelra\/wp-content\/uploads\/usu1789\/2019\/02\/Captura-de-pantalla-2019-02-21-a-les-9.50.19.png\"><\/a><\/p>\n","protected":false},"author":1,"featured_media":0,"comment_status":"closed","ping_status":"closed","sticky":false,"template":"","format":"standard","meta":{"_bbp_topic_count":0,"_bbp_reply_count":0,"_bbp_total_topic_count":0,"_bbp_total_reply_count":0,"_bbp_voice_count":0,"_bbp_anonymous_reply_count":0,"_bbp_topic_count_hidden":0,"_bbp_reply_count_hidden":0,"_bbp_forum_subforum_count":0,"footnotes":""},"categories":[122],"tags":[117,123],"class_list":["post-1679","post","type-post","status-publish","format-standard","hentry","category-musica-de-la-setmana","tag-curs-2018-2019","tag-musica-de-la-setmana"],"post_mailing_queue_ids":[],"_links":{"self":[{"href":"https:\/\/agora.xtec.cat\/iesdecelra\/wp-json\/wp\/v2\/posts\/1679","targetHints":{"allow":["GET"]}}],"collection":[{"href":"https:\/\/agora.xtec.cat\/iesdecelra\/wp-json\/wp\/v2\/posts"}],"about":[{"href":"https:\/\/agora.xtec.cat\/iesdecelra\/wp-json\/wp\/v2\/types\/post"}],"author":[{"embeddable":true,"href":"https:\/\/agora.xtec.cat\/iesdecelra\/wp-json\/wp\/v2\/users\/1"}],"replies":[{"embeddable":true,"href":"https:\/\/agora.xtec.cat\/iesdecelra\/wp-json\/wp\/v2\/comments?post=1679"}],"version-history":[{"count":2,"href":"https:\/\/agora.xtec.cat\/iesdecelra\/wp-json\/wp\/v2\/posts\/1679\/revisions"}],"predecessor-version":[{"id":1688,"href":"https:\/\/agora.xtec.cat\/iesdecelra\/wp-json\/wp\/v2\/posts\/1679\/revisions\/1688"}],"wp:attachment":[{"href":"https:\/\/agora.xtec.cat\/iesdecelra\/wp-json\/wp\/v2\/media?parent=1679"}],"wp:term":[{"taxonomy":"category","embeddable":true,"href":"https:\/\/agora.xtec.cat\/iesdecelra\/wp-json\/wp\/v2\/categories?post=1679"},{"taxonomy":"post_tag","embeddable":true,"href":"https:\/\/agora.xtec.cat\/iesdecelra\/wp-json\/wp\/v2\/tags?post=1679"}],"curies":[{"name":"wp","href":"https:\/\/api.w.org\/{rel}","templated":true}]}}