{"id":1643,"date":"2019-02-10T21:40:23","date_gmt":"2019-02-10T20:40:23","guid":{"rendered":"http:\/\/agora.xtec.cat\/iesdecelra\/?p=1643"},"modified":"2019-02-10T21:42:27","modified_gmt":"2019-02-10T20:42:27","slug":"taller-antirumors","status":"publish","type":"post","link":"https:\/\/agora.xtec.cat\/iesdecelra\/general\/taller-antirumors\/","title":{"rendered":"TALLER ANTIRUMORS"},"content":{"rendered":"<p>La Comissi\u00f3 de Refugiats de l&#8217;Institut de Celr\u00e0 ha organitzat un taller antirumors que es far\u00e0 al centre\u00a0el dijous 28 de febrer, de les 4 a les 5:30h de la tarda. Per poder organitzar-lo millor, cal fer una inscripci\u00f3 pr\u00e8via a la consergeria del centre; hi ha temps fins el dimarts 19 de febrer.<\/p>\n<p>Us enllacem el p\u00f2ster que han preparat i la carta informativa per a les fam\u00edlies i us animem a tots a participar-hi.<\/p>\n<p>&nbsp;<\/p>\n<p><a href=\"https:\/\/agora.xtec.cat\/iesdecelra\/wp-content\/uploads\/usu1789\/2019\/02\/Captura-de-pantalla-2019-02-10-a-les-21.31.51.png\"><img loading=\"lazy\" decoding=\"async\" class=\"alignnone size-large wp-image-1644\" src=\"https:\/\/agora.xtec.cat\/iesdecelra\/wp-content\/uploads\/usu1789\/2019\/02\/Captura-de-pantalla-2019-02-10-a-les-21.31.51-723x1024.png\" alt=\"\" width=\"723\" height=\"1024\" srcset=\"https:\/\/agora.xtec.cat\/iesdecelra\/wp-content\/uploads\/usu1789\/2019\/02\/Captura-de-pantalla-2019-02-10-a-les-21.31.51-723x1024.png 723w, https:\/\/agora.xtec.cat\/iesdecelra\/wp-content\/uploads\/usu1789\/2019\/02\/Captura-de-pantalla-2019-02-10-a-les-21.31.51-212x300.png 212w, https:\/\/agora.xtec.cat\/iesdecelra\/wp-content\/uploads\/usu1789\/2019\/02\/Captura-de-pantalla-2019-02-10-a-les-21.31.51-768x1088.png 768w, https:\/\/agora.xtec.cat\/iesdecelra\/wp-content\/uploads\/usu1789\/2019\/02\/Captura-de-pantalla-2019-02-10-a-les-21.31.51.png 797w\" sizes=\"auto, (max-width: 723px) 100vw, 723px\" \/><\/a> <a href=\"https:\/\/agora.xtec.cat\/iesdecelra\/wp-content\/uploads\/usu1789\/2019\/02\/Captura-de-pantalla-2019-02-10-a-les-21.33.13.png\"><img loading=\"lazy\" decoding=\"async\" class=\"alignnone size-full wp-image-1645\" src=\"https:\/\/agora.xtec.cat\/iesdecelra\/wp-content\/uploads\/usu1789\/2019\/02\/Captura-de-pantalla-2019-02-10-a-les-21.33.13.png\" alt=\"\" width=\"716\" height=\"897\" srcset=\"https:\/\/agora.xtec.cat\/iesdecelra\/wp-content\/uploads\/usu1789\/2019\/02\/Captura-de-pantalla-2019-02-10-a-les-21.33.13.png 716w, https:\/\/agora.xtec.cat\/iesdecelra\/wp-content\/uploads\/usu1789\/2019\/02\/Captura-de-pantalla-2019-02-10-a-les-21.33.13-239x300.png 239w\" sizes=\"auto, (max-width: 716px) 100vw, 716px\" \/><\/a><\/p>\n","protected":false},"excerpt":{"rendered":"<p>La Comissi\u00f3 de Refugiats de l&#8217;Institut de Celr\u00e0 ha organitzat un taller antirumors que es far\u00e0 al centre\u00a0el dijous 28 de febrer, de les 4 a les 5:30h de la tarda. Per poder organitzar-lo millor, cal fer una inscripci\u00f3 pr\u00e8via a la consergeria del centre;&hellip;  <a href=\"https:\/\/agora.xtec.cat\/iesdecelra\/general\/taller-antirumors\/\" title=\"Read TALLER ANTIRUMORS\">Llegeix m\u00e9s\u00bb<\/a><\/p>\n","protected":false},"author":1,"featured_media":1648,"comment_status":"closed","ping_status":"closed","sticky":false,"template":"","format":"standard","meta":{"_bbp_topic_count":0,"_bbp_reply_count":0,"_bbp_total_topic_count":0,"_bbp_total_reply_count":0,"_bbp_voice_count":0,"_bbp_anonymous_reply_count":0,"_bbp_topic_count_hidden":0,"_bbp_reply_count_hidden":0,"_bbp_forum_subforum_count":0,"footnotes":""},"categories":[1],"tags":[172,117],"class_list":["post-1643","post","type-post","status-publish","format-standard","has-post-thumbnail","hentry","category-general","tag-comissio-de-refugiats","tag-curs-2018-2019"],"post_mailing_queue_ids":[],"_links":{"self":[{"href":"https:\/\/agora.xtec.cat\/iesdecelra\/wp-json\/wp\/v2\/posts\/1643","targetHints":{"allow":["GET"]}}],"collection":[{"href":"https:\/\/agora.xtec.cat\/iesdecelra\/wp-json\/wp\/v2\/posts"}],"about":[{"href":"https:\/\/agora.xtec.cat\/iesdecelra\/wp-json\/wp\/v2\/types\/post"}],"author":[{"embeddable":true,"href":"https:\/\/agora.xtec.cat\/iesdecelra\/wp-json\/wp\/v2\/users\/1"}],"replies":[{"embeddable":true,"href":"https:\/\/agora.xtec.cat\/iesdecelra\/wp-json\/wp\/v2\/comments?post=1643"}],"version-history":[{"count":2,"href":"https:\/\/agora.xtec.cat\/iesdecelra\/wp-json\/wp\/v2\/posts\/1643\/revisions"}],"predecessor-version":[{"id":1649,"href":"https:\/\/agora.xtec.cat\/iesdecelra\/wp-json\/wp\/v2\/posts\/1643\/revisions\/1649"}],"wp:featuredmedia":[{"embeddable":true,"href":"https:\/\/agora.xtec.cat\/iesdecelra\/wp-json\/wp\/v2\/media\/1648"}],"wp:attachment":[{"href":"https:\/\/agora.xtec.cat\/iesdecelra\/wp-json\/wp\/v2\/media?parent=1643"}],"wp:term":[{"taxonomy":"category","embeddable":true,"href":"https:\/\/agora.xtec.cat\/iesdecelra\/wp-json\/wp\/v2\/categories?post=1643"},{"taxonomy":"post_tag","embeddable":true,"href":"https:\/\/agora.xtec.cat\/iesdecelra\/wp-json\/wp\/v2\/tags?post=1643"}],"curies":[{"name":"wp","href":"https:\/\/api.w.org\/{rel}","templated":true}]}}