{"id":1637,"date":"2019-02-05T19:41:21","date_gmt":"2019-02-05T18:41:21","guid":{"rendered":"http:\/\/agora.xtec.cat\/iesdecelra\/?p=1637"},"modified":"2019-02-13T10:43:32","modified_gmt":"2019-02-13T09:43:32","slug":"imatges-de-la-diada","status":"publish","type":"post","link":"https:\/\/agora.xtec.cat\/iesdecelra\/cursos\/eso\/eso-1\/imatges-de-la-diada\/","title":{"rendered":"IMATGES I MANIFEST DE LA DIADA"},"content":{"rendered":"<p>La setmana passada vam celebrar la diada de l&#8217;Institut i vam treballar des de diferents \u00e0mbits el lema d&#8217;aquest curs: <em>Mou-te!\u00a0<\/em><\/p>\n<p>Us compartim el manifest escrit pel professor Josep Ma Uy\u00e0 i dos v\u00eddeos que recullen diferents moments viscuts; en el primer hi podeu trobar un recull fotogr\u00e0fic de les diferents activitats i en el segon les actuacions de la coral de l&#8217;Institut de Celr\u00e0 i dels Taxeks en l&#8217;acte de cloenda que es va fer al gimn\u00e0s.<\/p>\n<p>Esperem que us agradin!<\/p>\n<p style=\"text-align: center;\"><a href=\"https:\/\/agora.xtec.cat\/iesdecelra\/wp-content\/uploads\/usu1789\/2019\/02\/Captura.png\"><img loading=\"lazy\" decoding=\"async\" class=\"wp-image-1640 aligncenter\" src=\"https:\/\/agora.xtec.cat\/iesdecelra\/wp-content\/uploads\/usu1789\/2019\/02\/Captura.png\" alt=\"\" width=\"278\" height=\"351\" srcset=\"https:\/\/agora.xtec.cat\/iesdecelra\/wp-content\/uploads\/usu1789\/2019\/02\/Captura.png 410w, https:\/\/agora.xtec.cat\/iesdecelra\/wp-content\/uploads\/usu1789\/2019\/02\/Captura-238x300.png 238w\" sizes=\"auto, (max-width: 278px) 100vw, 278px\" \/><\/a><a href=\"https:\/\/drive.google.com\/file\/d\/1YIYCi26SKBk0JeRi1s4NVjhi66Sz2CrC\/view?usp=sharing\">MANIFEST DE LA DIADA<\/a><\/p>\n<p>&nbsp;<\/p>\n<p><iframe loading=\"lazy\" title=\"DIADA 2019   RECULL FOTOGRA\u0300FIC\" width=\"500\" height=\"281\" src=\"https:\/\/www.youtube.com\/embed\/SlyRoMQMiyQ?feature=oembed\" frameborder=\"0\" allow=\"accelerometer; autoplay; clipboard-write; encrypted-media; gyroscope; picture-in-picture; web-share\" referrerpolicy=\"strict-origin-when-cross-origin\" allowfullscreen><\/iframe><\/p>\n<p><iframe loading=\"lazy\" title=\"DIDADA 2019:  coral i taxeks\" width=\"500\" height=\"281\" src=\"https:\/\/www.youtube.com\/embed\/LmCOKHuMfLU?feature=oembed\" frameborder=\"0\" allow=\"accelerometer; autoplay; clipboard-write; encrypted-media; gyroscope; picture-in-picture; web-share\" referrerpolicy=\"strict-origin-when-cross-origin\" allowfullscreen><\/iframe><\/p>\n<p>Podeu consultar, tamb\u00e9, tot l&#8217;\u00e0lbum de fotografies clicant <a href=\"https:\/\/photos.app.goo.gl\/ekrW8yPk6ZqGVXiG7\">aqu\u00ed<\/a>.<\/p>\n","protected":false},"excerpt":{"rendered":"<p>La setmana passada vam celebrar la diada de l&#8217;Institut i vam treballar des de diferents \u00e0mbits el lema d&#8217;aquest curs: Mou-te!\u00a0<br \/>\nUs compartim el manifest escrit pel professor Josep Ma Uy\u00e0 i dos v\u00eddeos que recullen diferents moments viscuts; en el primer hi podeu trobar un&hellip;  <a href=\"https:\/\/agora.xtec.cat\/iesdecelra\/cursos\/eso\/eso-1\/imatges-de-la-diada\/\" title=\"Read IMATGES I MANIFEST DE LA DIADA\">Llegeix m\u00e9s\u00bb<\/a><\/p>\n","protected":false},"author":1,"featured_media":1638,"comment_status":"open","ping_status":"closed","sticky":false,"template":"","format":"standard","meta":{"_bbp_topic_count":0,"_bbp_reply_count":0,"_bbp_total_topic_count":0,"_bbp_total_reply_count":0,"_bbp_voice_count":0,"_bbp_anonymous_reply_count":0,"_bbp_topic_count_hidden":0,"_bbp_reply_count_hidden":0,"_bbp_forum_subforum_count":0,"footnotes":""},"categories":[8,4,5,6,7],"tags":[170,117,169,171],"class_list":["post-1637","post","type-post","status-publish","format-standard","has-post-thumbnail","hentry","category-batxillerat","category-eso-1","category-eso-2","category-eso-3","category-eso-4","tag-coral","tag-curs-2018-2019","tag-diada","tag-taxeks"],"post_mailing_queue_ids":[],"_links":{"self":[{"href":"https:\/\/agora.xtec.cat\/iesdecelra\/wp-json\/wp\/v2\/posts\/1637","targetHints":{"allow":["GET"]}}],"collection":[{"href":"https:\/\/agora.xtec.cat\/iesdecelra\/wp-json\/wp\/v2\/posts"}],"about":[{"href":"https:\/\/agora.xtec.cat\/iesdecelra\/wp-json\/wp\/v2\/types\/post"}],"author":[{"embeddable":true,"href":"https:\/\/agora.xtec.cat\/iesdecelra\/wp-json\/wp\/v2\/users\/1"}],"replies":[{"embeddable":true,"href":"https:\/\/agora.xtec.cat\/iesdecelra\/wp-json\/wp\/v2\/comments?post=1637"}],"version-history":[{"count":3,"href":"https:\/\/agora.xtec.cat\/iesdecelra\/wp-json\/wp\/v2\/posts\/1637\/revisions"}],"predecessor-version":[{"id":1642,"href":"https:\/\/agora.xtec.cat\/iesdecelra\/wp-json\/wp\/v2\/posts\/1637\/revisions\/1642"}],"wp:featuredmedia":[{"embeddable":true,"href":"https:\/\/agora.xtec.cat\/iesdecelra\/wp-json\/wp\/v2\/media\/1638"}],"wp:attachment":[{"href":"https:\/\/agora.xtec.cat\/iesdecelra\/wp-json\/wp\/v2\/media?parent=1637"}],"wp:term":[{"taxonomy":"category","embeddable":true,"href":"https:\/\/agora.xtec.cat\/iesdecelra\/wp-json\/wp\/v2\/categories?post=1637"},{"taxonomy":"post_tag","embeddable":true,"href":"https:\/\/agora.xtec.cat\/iesdecelra\/wp-json\/wp\/v2\/tags?post=1637"}],"curies":[{"name":"wp","href":"https:\/\/api.w.org\/{rel}","templated":true}]}}