{"id":1627,"date":"2019-02-04T21:42:12","date_gmt":"2019-02-04T20:42:12","guid":{"rendered":"http:\/\/agora.xtec.cat\/iesdecelra\/?p=1627"},"modified":"2019-02-04T22:16:19","modified_gmt":"2019-02-04T21:16:19","slug":"lenigma-de-la-setmana-nou-concurs","status":"publish","type":"post","link":"https:\/\/agora.xtec.cat\/iesdecelra\/cursos\/eso\/eso-1\/lenigma-de-la-setmana-nou-concurs\/","title":{"rendered":"L&#8217;ENIGMA DE LA SETMANA. NOU CONCURS!"},"content":{"rendered":"<p><b>CONCURS D&#8217;ENIGMES: MOU LES NEURONES!<\/b><\/p>\n<p>Alguns alumnes de 1r d&#8217;ESO han mogut les neurones i us proposen un concurs d&#8217;endevinalles perqu\u00e8 no se us rovelli la mat\u00e8ria grisa.<\/p>\n<p>&nbsp;<\/p>\n<p><strong>INSTRUCCIONS:<\/strong><\/p>\n<ul>\n<li>Llegeix b\u00e9 l&#8217;endevinalla.<\/li>\n<li>Alerta amb els dibuixos, poden ser una pista.<\/li>\n<li>Centra&#8217;t en el contingut del text.<\/li>\n<\/ul>\n<p>&nbsp;<\/p>\n<p><strong>BASES DEL CONCURS:<\/strong><\/p>\n<ul>\n<li>Hi poden participar tots els alumnes de l&#8217;Institut de Celr\u00e0.<\/li>\n<li>La respota s&#8217;ha d&#8217;enviar per correu electr\u00f2nic a l&#8217;adre\u00e7a: <em><strong>destreses@iesdecelra.cat<\/strong><\/em> indicant el nom i cognoms de l&#8217;alumne, el curs i el grup.<\/li>\n<li>Cada alumne nom\u00e9s pot participar una vegada.<\/li>\n<li>Entre tots els encertants de la setmana, el dilluns es far\u00e0 un sorteig i es publicar\u00e0 el guanyador el dimarts al mat\u00ed.<\/li>\n<\/ul>\n<p>&nbsp;<\/p>\n<p>Animeu-vos a participar-hi!<\/p>\n","protected":false},"excerpt":{"rendered":"<p>CONCURS D&#8217;ENIGMES: MOU LES NEURONES!<br \/>\nAlguns alumnes de 1r d&#8217;ESO han mogut les neurones i us proposen un concurs d&#8217;endevinalles perqu\u00e8 no se us rovelli la mat\u00e8ria grisa.<br \/>\n&nbsp;<br \/>\nINSTRUCCIONS:<\/p>\n<ul>\n<li>Llegeix b\u00e9 l&#8217;endevinalla.<\/li>\n<li>Alerta amb els dibuixos, poden ser una pista.<\/li>\n<li>Centra&#8217;t en el contingut del text.<\/li>\n<\/ul>\n<p>&nbsp;<br \/>\nBASES DEL CONCURS:<\/p>\n<ul>\n<li>Hi poden participar&hellip;  <a href=\"https:\/\/agora.xtec.cat\/iesdecelra\/cursos\/eso\/eso-1\/lenigma-de-la-setmana-nou-concurs\/\" title=\"Read L&#8217;ENIGMA DE LA SETMANA. NOU CONCURS!\">Llegeix m\u00e9s\u00bb<\/a><br \/>\n","protected":false},"author":1,"featured_media":1630,"comment_status":"closed","ping_status":"closed","sticky":false,"template":"","format":"standard","meta":{"_bbp_topic_count":0,"_bbp_reply_count":0,"_bbp_total_topic_count":0,"_bbp_total_reply_count":0,"_bbp_voice_count":0,"_bbp_anonymous_reply_count":0,"_bbp_topic_count_hidden":0,"_bbp_reply_count_hidden":0,"_bbp_forum_subforum_count":0,"footnotes":""},"categories":[4],"tags":[168,117,167],"class_list":["post-1627","post","type-post","status-publish","format-standard","has-post-thumbnail","hentry","category-eso-1","tag-concursos","tag-curs-2018-2019","tag-enigmes"],"post_mailing_queue_ids":[],"_links":{"self":[{"href":"https:\/\/agora.xtec.cat\/iesdecelra\/wp-json\/wp\/v2\/posts\/1627","targetHints":{"allow":["GET"]}}],"collection":[{"href":"https:\/\/agora.xtec.cat\/iesdecelra\/wp-json\/wp\/v2\/posts"}],"about":[{"href":"https:\/\/agora.xtec.cat\/iesdecelra\/wp-json\/wp\/v2\/types\/post"}],"author":[{"embeddable":true,"href":"https:\/\/agora.xtec.cat\/iesdecelra\/wp-json\/wp\/v2\/users\/1"}],"replies":[{"embeddable":true,"href":"https:\/\/agora.xtec.cat\/iesdecelra\/wp-json\/wp\/v2\/comments?post=1627"}],"version-history":[{"count":2,"href":"https:\/\/agora.xtec.cat\/iesdecelra\/wp-json\/wp\/v2\/posts\/1627\/revisions"}],"predecessor-version":[{"id":1631,"href":"https:\/\/agora.xtec.cat\/iesdecelra\/wp-json\/wp\/v2\/posts\/1627\/revisions\/1631"}],"wp:featuredmedia":[{"embeddable":true,"href":"https:\/\/agora.xtec.cat\/iesdecelra\/wp-json\/wp\/v2\/media\/1630"}],"wp:attachment":[{"href":"https:\/\/agora.xtec.cat\/iesdecelra\/wp-json\/wp\/v2\/media?parent=1627"}],"wp:term":[{"taxonomy":"category","embeddable":true,"href":"https:\/\/agora.xtec.cat\/iesdecelra\/wp-json\/wp\/v2\/categories?post=1627"},{"taxonomy":"post_tag","embeddable":true,"href":"https:\/\/agora.xtec.cat\/iesdecelra\/wp-json\/wp\/v2\/tags?post=1627"}],"curies":[{"name":"wp","href":"https:\/\/api.w.org\/{rel}","templated":true}]}}