{"id":1611,"date":"2019-01-31T21:02:12","date_gmt":"2019-01-31T20:02:12","guid":{"rendered":"http:\/\/agora.xtec.cat\/iesdecelra\/?p=1611"},"modified":"2019-01-31T21:05:27","modified_gmt":"2019-01-31T20:05:27","slug":"participacio-a-la-uap-cantata-per-la-pau","status":"publish","type":"post","link":"https:\/\/agora.xtec.cat\/iesdecelra\/cursos\/eso\/eso-1\/participacio-a-la-uap-cantata-per-la-pau\/","title":{"rendered":"PARTICIPACI\u00d3 A LA UAP (Cantata per la pau)"},"content":{"rendered":"<p style=\"text-align: justify;\">Tot l&#8217;alumnat de 1r d&#8217;ESO ha anat avui dijous dia 31 de gener al teatre municipal de Girona per participar a l&#8217;onzena cantata per la pau, la <i>UAP&#8217;19<\/i>.<\/p>\n<p style=\"text-align: justify;\">La cantata d&#8217;aquest curs es titula <em>UAP 19 Brundiv\u00e1r<\/em> i presenta179 joves que pugen al tren per ser portats al camp de concentraci\u00f3 de Theresienstalt a Tx\u00e8quia. En el trasllat canten que s\u00f3n un poble de pau i que no els hi faran cap mal. S\u00f3n desinfectats, vestits amb l\u2019uniforme de ratlles i\u00a0 obligats a netejar incansablement. El menjar \u00e9s esc\u00e0s i la feina insuportable. La inquietud (o il\u00b7lusi\u00f3) per viure els fa descobrir un tresor, l\u2019opereta Brundib\u00e1r, els assajos s\u00f3n la distracci\u00f3 de l\u2019horror que viuen i la seva posada en escena finalitza en un nou viatge a Auschwitz.<\/p>\n<p style=\"text-align: justify;\">De l&#8217;institut de Celr\u00e0 40 alumnes hi ha participat activament; amb la col\u00b7laboraci\u00f3 de les professores de m\u00fasica de l&#8217;institut, han preparat durant dies les peces musicals. \u00c9s per aix\u00f2 que volem felicitar tant als alumnes, per la seva gran actuaci\u00f3, com a les professores de m\u00fasica, la N\u00faria Anglada i la Rosa Gal\u00ed, per la seva implicaci\u00f3 en aquest projecte educatiu.<\/p>\n<p style=\"text-align: justify;\">Hem preparat un v\u00eddeo amb un fragment de les diferents peces que han interpretat al teatre. Esperem que us agradi!<\/p>\n<p><iframe loading=\"lazy\" title=\"UAP 2019\" width=\"500\" height=\"281\" src=\"https:\/\/www.youtube.com\/embed\/UMhrB1xe_nA?feature=oembed\" frameborder=\"0\" allow=\"accelerometer; autoplay; clipboard-write; encrypted-media; gyroscope; picture-in-picture; web-share\" referrerpolicy=\"strict-origin-when-cross-origin\" allowfullscreen><\/iframe><\/p>\n<p>&nbsp;<\/p>\n<p>&nbsp;<\/p>\n<p>&nbsp;<\/p>\n<p style=\"text-align: justify;\">\n","protected":false},"excerpt":{"rendered":"<p>Tot l&#8217;alumnat de 1r d&#8217;ESO ha anat avui dijous dia 31 de gener al teatre municipal de Girona per participar a l&#8217;onzena cantata per la pau, la UAP&#8217;19.<br \/>\nLa cantata d&#8217;aquest curs es titula UAP 19 Brundiv\u00e1r i presenta179 joves que pugen al tren per ser&hellip;  <a href=\"https:\/\/agora.xtec.cat\/iesdecelra\/cursos\/eso\/eso-1\/participacio-a-la-uap-cantata-per-la-pau\/\" title=\"Read PARTICIPACI\u00d3 A LA UAP (Cantata per la pau)\">Llegeix m\u00e9s\u00bb<\/a><\/p>\n","protected":false},"author":1,"featured_media":1614,"comment_status":"closed","ping_status":"closed","sticky":false,"template":"","format":"standard","meta":{"_bbp_topic_count":0,"_bbp_reply_count":0,"_bbp_total_topic_count":0,"_bbp_total_reply_count":0,"_bbp_voice_count":0,"_bbp_anonymous_reply_count":0,"_bbp_topic_count_hidden":0,"_bbp_reply_count_hidden":0,"_bbp_forum_subforum_count":0,"footnotes":""},"categories":[4],"tags":[117,165,164],"class_list":["post-1611","post","type-post","status-publish","format-standard","has-post-thumbnail","hentry","category-eso-1","tag-curs-2018-2019","tag-musica","tag-uap"],"post_mailing_queue_ids":[],"_links":{"self":[{"href":"https:\/\/agora.xtec.cat\/iesdecelra\/wp-json\/wp\/v2\/posts\/1611","targetHints":{"allow":["GET"]}}],"collection":[{"href":"https:\/\/agora.xtec.cat\/iesdecelra\/wp-json\/wp\/v2\/posts"}],"about":[{"href":"https:\/\/agora.xtec.cat\/iesdecelra\/wp-json\/wp\/v2\/types\/post"}],"author":[{"embeddable":true,"href":"https:\/\/agora.xtec.cat\/iesdecelra\/wp-json\/wp\/v2\/users\/1"}],"replies":[{"embeddable":true,"href":"https:\/\/agora.xtec.cat\/iesdecelra\/wp-json\/wp\/v2\/comments?post=1611"}],"version-history":[{"count":1,"href":"https:\/\/agora.xtec.cat\/iesdecelra\/wp-json\/wp\/v2\/posts\/1611\/revisions"}],"predecessor-version":[{"id":1613,"href":"https:\/\/agora.xtec.cat\/iesdecelra\/wp-json\/wp\/v2\/posts\/1611\/revisions\/1613"}],"wp:featuredmedia":[{"embeddable":true,"href":"https:\/\/agora.xtec.cat\/iesdecelra\/wp-json\/wp\/v2\/media\/1614"}],"wp:attachment":[{"href":"https:\/\/agora.xtec.cat\/iesdecelra\/wp-json\/wp\/v2\/media?parent=1611"}],"wp:term":[{"taxonomy":"category","embeddable":true,"href":"https:\/\/agora.xtec.cat\/iesdecelra\/wp-json\/wp\/v2\/categories?post=1611"},{"taxonomy":"post_tag","embeddable":true,"href":"https:\/\/agora.xtec.cat\/iesdecelra\/wp-json\/wp\/v2\/tags?post=1611"}],"curies":[{"name":"wp","href":"https:\/\/api.w.org\/{rel}","templated":true}]}}