{"id":1593,"date":"2019-01-28T23:04:24","date_gmt":"2019-01-28T22:04:24","guid":{"rendered":"http:\/\/agora.xtec.cat\/iesdecelra\/?p=1593"},"modified":"2019-01-28T23:04:24","modified_gmt":"2019-01-28T22:04:24","slug":"28-de-gener-de-2019","status":"publish","type":"post","link":"https:\/\/agora.xtec.cat\/iesdecelra\/general\/musica-de-la-setmana\/28-de-gener-de-2019\/","title":{"rendered":"28 de gener de 2019"},"content":{"rendered":"<p>Aquesta \u00e9s la setmana del nostre lema, del Mou-te!, perqu\u00e8 el dimarts celebrem la diada i les activitats que s&#8217;hi duran a terme aniran relacionades amb el moviment. La m\u00fasica tamb\u00e9 havia d&#8217;acompanyar! I \u00e9s per aix\u00f2 que des d&#8217;avui dilluns i fins divendres ens acompanya <em>Smells like tenn spirit<\/em> de Nirvana. Quin cl\u00e0ssic! Us atreviu amb la lletra?<\/p>\n<p>&nbsp;<\/p>\n<p class=\"dJYhkd\"><strong>Lletra de la can\u00e7\u00f3<\/strong><\/p>\n<p>Load up on guns, bring your friends<br \/>\nIt&#8217;s fun to lose and to pretend<br \/>\nShe&#8217;s over-bored and self-assured<br \/>\nOh no, I know a dirty word<\/p>\n<p class=\"UH8R2\">Hello, hello, hello, how low<br \/>\nHello, hello, hello, how low<br \/>\nHello, hello, hello, how low<br \/>\nHello, hello, hello<\/p>\n<p class=\"UH8R2\">With the lights out, it&#8217;s less dangerous<br \/>\nHere we are now, entertain us<br \/>\nI feel stupid and contagious<br \/>\nHere we are now, entertain us<br \/>\nA mulatto, an albino, a mosquito, my libido<br \/>\nYeah, hey<\/p>\n<p class=\"UH8R2\">I&#8217;m worse at what I do best<br \/>\nAnd for this gift I feel blessed<br \/>\nOur little group has always been<br \/>\nAnd always will until the end<\/p>\n<p class=\"UH8R2\">Hello, hello, hello, how low<br \/>\nHello, hello, hello, how low<br \/>\nHello, hello, hello, how low<br \/>\nHello, hello, hello<\/p>\n<p class=\"UH8R2\">With the lights out, it&#8217;s less dangerous<br \/>\nHere we are now, entertain us<br \/>\nI feel stupid and contagious<br \/>\nHere we are now, entertain us<br \/>\nA mulatto, an albino, a mosquito, my libido<br \/>\nYeah, hey<\/p>\n<p class=\"UH8R2\">And I forget just why I taste<br \/>\nOh yeah, I guess it makes me smile<br \/>\nI found it hard, it&#8217;s hard to find<br \/>\nOh well, whatever, never mind<\/p>\n<p class=\"UH8R2\">Hello, hello, hello, how low<br \/>\nHello, hello, hello, how low<br \/>\nHello, hello, hello, how low<br \/>\nHello, hello, hello<\/p>\n<p class=\"UH8R2\">With the lights out, it&#8217;s less dangerous<br \/>\nHere we are now, entertain us<br \/>\nI feel stupid and contagious<br \/>\nHere we are now, entertain us<br \/>\nA mulatto, an albino, a mosquito, my libido<br \/>\nA denial, a denial, a denial, a denial, a denial<br \/>\nA denial, a denial, a denial, a denial<\/p>\n<div class=\"R5GB6b\">\n<p>Compositors: Chris Novoselic \/ David Grohl \/ Kurt Cobain<\/p>\n<\/div>\n<p><iframe loading=\"lazy\" title=\"Nirvana - Smells Like Teen Spirit (Official Music Video)\" width=\"500\" height=\"281\" src=\"https:\/\/www.youtube.com\/embed\/hTWKbfoikeg?feature=oembed\" frameborder=\"0\" allow=\"accelerometer; autoplay; clipboard-write; encrypted-media; gyroscope; picture-in-picture; web-share\" referrerpolicy=\"strict-origin-when-cross-origin\" allowfullscreen><\/iframe><\/p>\n","protected":false},"excerpt":{"rendered":"<p>Aquesta \u00e9s la setmana del nostre lema, del Mou-te!, perqu\u00e8 el dimarts celebrem la diada i les activitats que s&#8217;hi duran a terme aniran relacionades amb el moviment. La m\u00fasica tamb\u00e9 havia d&#8217;acompanyar! I \u00e9s per aix\u00f2 que des d&#8217;avui dilluns i fins divendres ens&hellip;  <a href=\"https:\/\/agora.xtec.cat\/iesdecelra\/general\/musica-de-la-setmana\/28-de-gener-de-2019\/\" title=\"Read 28 de gener de 2019\">Llegeix m\u00e9s\u00bb<\/a><\/p>\n","protected":false},"author":1,"featured_media":0,"comment_status":"closed","ping_status":"closed","sticky":false,"template":"","format":"standard","meta":{"_bbp_topic_count":0,"_bbp_reply_count":0,"_bbp_total_topic_count":0,"_bbp_total_reply_count":0,"_bbp_voice_count":0,"_bbp_anonymous_reply_count":0,"_bbp_topic_count_hidden":0,"_bbp_reply_count_hidden":0,"_bbp_forum_subforum_count":0,"footnotes":""},"categories":[122],"tags":[117],"class_list":["post-1593","post","type-post","status-publish","format-standard","hentry","category-musica-de-la-setmana","tag-curs-2018-2019"],"post_mailing_queue_ids":[],"_links":{"self":[{"href":"https:\/\/agora.xtec.cat\/iesdecelra\/wp-json\/wp\/v2\/posts\/1593","targetHints":{"allow":["GET"]}}],"collection":[{"href":"https:\/\/agora.xtec.cat\/iesdecelra\/wp-json\/wp\/v2\/posts"}],"about":[{"href":"https:\/\/agora.xtec.cat\/iesdecelra\/wp-json\/wp\/v2\/types\/post"}],"author":[{"embeddable":true,"href":"https:\/\/agora.xtec.cat\/iesdecelra\/wp-json\/wp\/v2\/users\/1"}],"replies":[{"embeddable":true,"href":"https:\/\/agora.xtec.cat\/iesdecelra\/wp-json\/wp\/v2\/comments?post=1593"}],"version-history":[{"count":1,"href":"https:\/\/agora.xtec.cat\/iesdecelra\/wp-json\/wp\/v2\/posts\/1593\/revisions"}],"predecessor-version":[{"id":1594,"href":"https:\/\/agora.xtec.cat\/iesdecelra\/wp-json\/wp\/v2\/posts\/1593\/revisions\/1594"}],"wp:attachment":[{"href":"https:\/\/agora.xtec.cat\/iesdecelra\/wp-json\/wp\/v2\/media?parent=1593"}],"wp:term":[{"taxonomy":"category","embeddable":true,"href":"https:\/\/agora.xtec.cat\/iesdecelra\/wp-json\/wp\/v2\/categories?post=1593"},{"taxonomy":"post_tag","embeddable":true,"href":"https:\/\/agora.xtec.cat\/iesdecelra\/wp-json\/wp\/v2\/tags?post=1593"}],"curies":[{"name":"wp","href":"https:\/\/api.w.org\/{rel}","templated":true}]}}